{"id":13210,"date":"2021-07-29T13:54:39","date_gmt":"2021-07-29T13:54:39","guid":{"rendered":"https:\/\/arroyitoonline.com.ar\/?p=13210"},"modified":"2021-07-29T13:54:41","modified_gmt":"2021-07-29T13:54:41","slug":"covid-19-habilitan-la-inscripcion-para-vacunacion-de-personas-de-12-a-17-anos","status":"publish","type":"post","link":"https:\/\/arroyitoonline.com.ar\/?p=13210","title":{"rendered":"Covid-19: habilitan la inscripci\u00f3n para vacunaci\u00f3n de personas de 12 a 17 a\u00f1os"},"content":{"rendered":"\n<p><strong>No ser\u00e1 necesario contar con cuenta de Ciudadano Digital<\/strong>. <strong>La inoculaci\u00f3n de este grupo comenzar\u00e1 el martes 3 de agosto.<\/strong><\/p>\n\n\n\n<p>Desde\u00a0<strong>este mi\u00e9rcoles 28 de julio<\/strong>, el Ministerio de Salud de la Provincia habilita la\u00a0<strong>inscripci\u00f3n para la vacunaci\u00f3n<\/strong>\u00a0contra el virus Sars-Cov-2, destinada a\u00a0<strong>personas de 12 a 17 a\u00f1os.<\/strong><\/p>\n\n\n\n<p>Para tal sentido, el registro de&nbsp;<strong>quienes tienen 12 a\u00f1os<\/strong>&nbsp;deber\u00e1 realizarlo el padre, madre o adulto responsable a cargo del menor en la&nbsp;<a href=\"https:\/\/vacunacioncovid19.cba.gov.ar\/Menores\" target=\"_blank\" rel=\"noreferrer noopener\">p\u00e1gina oficial.<\/a><\/p>\n\n\n\n<p>En tanto, las personas que tengan&nbsp;<strong>entre 13 y 17 a\u00f1os<\/strong>&nbsp;pueden inscribirse de manera personal y voluntaria, o bien lo podr\u00e1 hacer un adulto responsable, en la misma web.<\/p>\n\n\n\n<p>Cabe destacar que&nbsp;<strong>no ser\u00e1 necesario contar con cuenta de Ciudadano Digital<\/strong>&nbsp;y se deber\u00e1 adjuntar el certificado m\u00e9dico correspondiente en caso de que la persona padezca alguna patolog\u00eda.<\/p>\n\n\n\n<p>Una vez realizado el registro,&nbsp;deber\u00e1n aguardar la notificaci\u00f3n correspondiente para asistir a la vacunaci\u00f3n seg\u00fan d\u00eda y lugar indicado.<\/p>\n\n\n\n<p><strong>Inicio de la vacunaci\u00f3n a menores de edad<\/strong><\/p>\n\n\n\n<p>Conforme se estableci\u00f3 en el Consejo Federal de Salud (Cofesa), la vacunaci\u00f3n para menores de edad, de entre 12 y 17 a\u00f1os, iniciar\u00e1 con los denominados grupos priorizados el pr\u00f3ximo martes 3 de agosto.<\/p>\n\n\n\n<p><strong>Las personas que conforman estos grupos son aquellos que tengan factores de riesgo tales como:<\/strong><\/p>\n\n\n\n<ul class=\"wp-block-list\"><li>Diabetes tipo 1 o 2.<\/li><li>Obesidad grado 2 (IMC > 35) y grado 3 (IMC > 40).<\/li><li>Enfermedad cardiovascular cr\u00f3nica: insuficiencia card\u00edaca, enfermedad coronaria, valvulopat\u00edas, miocardiopat\u00edas, hipertensi\u00f3n pulmonar. Cardiopat\u00edas cong\u00e9nitas.<\/li><li>Enfermedad renal cr\u00f3nica (incluidos pacientes en di\u00e1lisis cr\u00f3nica y trasplantes). S\u00edndrome nefr\u00f3tico.<\/li><li>Enfermedad respiratoria cr\u00f3nica: enfermedad pulmonar obstructiva cr\u00f3nica (EPOC), fibrosis qu\u00edstica, enfermedad intersticial pulmonar, asma grave. Requerimiento de ox\u00edgeno terapia. Enfermedad grave de la v\u00eda a\u00e9rea. Hospitalizaciones por asma.<\/li><li>Enfermedad hep\u00e1tica: Cirrosis. Hepatitis autoinmune.<\/li><li>Personas que viven con VIH independientemente del CD4 y CV.<\/li><li>Pacientes en lista de espera para trasplante de \u00f3rganos s\u00f3lidos y trasplante de c\u00e9lulas hematopoy\u00e9ticas.<\/li><li>Pacientes oncol\u00f3gicos y oncohematol\u00f3gicos con diagn\u00f3stico reciente o \u201cactivo\u201d.<\/li><li>Personas con tuberculosis activa.<\/li><li>Personas con discapacidad intelectual y del desarrollo.<\/li><li>S\u00edndrome de Down.<\/li><li>Personas con enfermedades autoinmunes y\/o tratamientos inmunosupresores, inmunomoduladores o biol\u00f3gicos.<\/li><li>Adolescentes que viven en lugares de larga estancia.<\/li><li>Personas gestantes de 12 a 17 a\u00f1os con indicaci\u00f3n individual.<\/li><li>Personas con carnet \u00fanico de discapacidad\u00a0(CUD) vigente.<\/li><li>Personas con pensi\u00f3n de Anses por invalidez aunque no tengan CUD.<\/li><li>Personas con pensi\u00f3n de Anses por trasplantes aunque no tengan CUD.<\/li><\/ul>\n\n\n\n<p><strong>Inscripciones sin Ciudadano Digital para j\u00f3venes de 18 a 29 a\u00f1os<\/strong><\/p>\n\n\n\n<p>A partir de hoy, aquellos j\u00f3venes de 18 a 29 a\u00f1os que a\u00fan no se han inscripto para recibir su vacuna contra el coronavirus, podr\u00e1n hacerlo en la&nbsp;<a href=\"https:\/\/vacunacioncovid19.cba.gov.ar\/Home\" target=\"_blank\" rel=\"noreferrer noopener\">p\u00e1gina oficial<\/a>&nbsp;sin necesidad de contar con un usuario de Ciudadano Digital.<\/p>\n","protected":false},"excerpt":{"rendered":"<p>No ser\u00e1 necesario contar con cuenta de Ciudadano Digital. La inoculaci\u00f3n de este grupo comenzar\u00e1 el martes 3 de agosto.&hellip;<\/p>\n","protected":false},"author":3,"featured_media":13211,"comment_status":"closed","ping_status":"open","sticky":false,"template":"","format":"standard","meta":{"footnotes":""},"categories":[9],"tags":[66,67,836,1108,1152,404,1102,530,572,706,1219],"class_list":["post-13210","post","type-post","status-publish","format-standard","has-post-thumbnail","hentry","category-infosalud","tag-arroyito","tag-arroyito-cordoba","tag-arroyito-online","tag-coronavirus","tag-covid-19","tag-gobierno-de-cordoba","tag-gobierno-municipal","tag-menores","tag-noticias-de-arroyito-y-zona","tag-salud","tag-vacunacion-covid-19"],"_links":{"self":[{"href":"https:\/\/arroyitoonline.com.ar\/index.php?rest_route=\/wp\/v2\/posts\/13210","targetHints":{"allow":["GET"]}}],"collection":[{"href":"https:\/\/arroyitoonline.com.ar\/index.php?rest_route=\/wp\/v2\/posts"}],"about":[{"href":"https:\/\/arroyitoonline.com.ar\/index.php?rest_route=\/wp\/v2\/types\/post"}],"author":[{"embeddable":true,"href":"https:\/\/arroyitoonline.com.ar\/index.php?rest_route=\/wp\/v2\/users\/3"}],"replies":[{"embeddable":true,"href":"https:\/\/arroyitoonline.com.ar\/index.php?rest_route=%2Fwp%2Fv2%2Fcomments&post=13210"}],"version-history":[{"count":1,"href":"https:\/\/arroyitoonline.com.ar\/index.php?rest_route=\/wp\/v2\/posts\/13210\/revisions"}],"predecessor-version":[{"id":13212,"href":"https:\/\/arroyitoonline.com.ar\/index.php?rest_route=\/wp\/v2\/posts\/13210\/revisions\/13212"}],"wp:featuredmedia":[{"embeddable":true,"href":"https:\/\/arroyitoonline.com.ar\/index.php?rest_route=\/wp\/v2\/media\/13211"}],"wp:attachment":[{"href":"https:\/\/arroyitoonline.com.ar\/index.php?rest_route=%2Fwp%2Fv2%2Fmedia&parent=13210"}],"wp:term":[{"taxonomy":"category","embeddable":true,"href":"https:\/\/arroyitoonline.com.ar\/index.php?rest_route=%2Fwp%2Fv2%2Fcategories&post=13210"},{"taxonomy":"post_tag","embeddable":true,"href":"https:\/\/arroyitoonline.com.ar\/index.php?rest_route=%2Fwp%2Fv2%2Ftags&post=13210"}],"curies":[{"name":"wp","href":"https:\/\/api.w.org\/{rel}","templated":true}]}}