{"id":13225,"date":"2021-07-31T21:07:15","date_gmt":"2021-07-31T21:07:15","guid":{"rendered":"https:\/\/arroyitoonline.com.ar\/?p=13225"},"modified":"2021-07-31T21:07:16","modified_gmt":"2021-07-31T21:07:16","slug":"la-fpa-detuvo-a-narcomenudista-que-vendia-drogas-en-la-plaza-jose-i-urquia","status":"publish","type":"post","link":"https:\/\/arroyitoonline.com.ar\/?p=13225","title":{"rendered":"La FPA detuvo a narcomenudista que vend\u00eda drogas en la Plaza Jos\u00e9 I. Urqu\u00eda"},"content":{"rendered":"\n<p><strong>Se trata de un joven de 26 a\u00f1os acusado de comercializaci\u00f3n de estupefacientes.<\/strong><\/p>\n\n\n\n<p>En un operativo realizado en nuestra ciudad, dotaciones de la Fuerza Policial Antinarcotr\u00e1fico aprehendieron a un sujeto acusado de comercializaci\u00f3n de estupefacientes.<\/p>\n\n\n\n<p>Se trata de un joven de 26 a\u00f1os quien, seg\u00fan investigaciones dirigidas por el Ministerio P\u00fablico Fiscal, vend\u00eda marihuana en la plaza Jos\u00e9 Ignacio Urqu\u00eda, del barrio La Villa (Ciancia).<\/p>\n\n\n\n<p>La aprehensi\u00f3n se desarroll\u00f3 mientras el sujeto se trasladaba en un Fiat Uno, siendo interceptado por un m\u00f3vil con efectivos de la FPA en la esquina de calles Falucho y Ra\u00fal Alfons\u00edn.<\/p>\n\n\n\n<p>De manera simult\u00e1nea se allan\u00f3 su vivienda, secuestrando varias dosis de marihuana y dinero, entre otros elementos relacionados a la causa.<\/p>\n\n\n\n<p>Tras la aprehensi\u00f3n, autoridades de la Fiscal\u00eda de Lucha contra el Narcotr\u00e1fico de San Francisco dispusieron el trasladado del detenido a sede judicial por supuesta infracci\u00f3n a la Ley Nacional de Estupefacientes.<\/p>\n","protected":false},"excerpt":{"rendered":"<p>Se trata de un joven de 26 a\u00f1os acusado de comercializaci\u00f3n de estupefacientes. En un operativo realizado en nuestra ciudad,&hellip;<\/p>\n","protected":false},"author":3,"featured_media":13226,"comment_status":"closed","ping_status":"open","sticky":false,"template":"","format":"standard","meta":{"footnotes":""},"categories":[824],"tags":[66,67,836,285,303,386,1014,572,635,637,638,825],"class_list":["post-13225","post","type-post","status-publish","format-standard","has-post-thumbnail","hentry","category-policiales-online","tag-arroyito","tag-arroyito-cordoba","tag-arroyito-online","tag-detencion","tag-drogas","tag-fpa","tag-narcomenudeo","tag-noticias-de-arroyito-y-zona","tag-policia","tag-policiales","tag-policiales-arroyito","tag-policiales-online"],"_links":{"self":[{"href":"https:\/\/arroyitoonline.com.ar\/index.php?rest_route=\/wp\/v2\/posts\/13225","targetHints":{"allow":["GET"]}}],"collection":[{"href":"https:\/\/arroyitoonline.com.ar\/index.php?rest_route=\/wp\/v2\/posts"}],"about":[{"href":"https:\/\/arroyitoonline.com.ar\/index.php?rest_route=\/wp\/v2\/types\/post"}],"author":[{"embeddable":true,"href":"https:\/\/arroyitoonline.com.ar\/index.php?rest_route=\/wp\/v2\/users\/3"}],"replies":[{"embeddable":true,"href":"https:\/\/arroyitoonline.com.ar\/index.php?rest_route=%2Fwp%2Fv2%2Fcomments&post=13225"}],"version-history":[{"count":1,"href":"https:\/\/arroyitoonline.com.ar\/index.php?rest_route=\/wp\/v2\/posts\/13225\/revisions"}],"predecessor-version":[{"id":13227,"href":"https:\/\/arroyitoonline.com.ar\/index.php?rest_route=\/wp\/v2\/posts\/13225\/revisions\/13227"}],"wp:featuredmedia":[{"embeddable":true,"href":"https:\/\/arroyitoonline.com.ar\/index.php?rest_route=\/wp\/v2\/media\/13226"}],"wp:attachment":[{"href":"https:\/\/arroyitoonline.com.ar\/index.php?rest_route=%2Fwp%2Fv2%2Fmedia&parent=13225"}],"wp:term":[{"taxonomy":"category","embeddable":true,"href":"https:\/\/arroyitoonline.com.ar\/index.php?rest_route=%2Fwp%2Fv2%2Fcategories&post=13225"},{"taxonomy":"post_tag","embeddable":true,"href":"https:\/\/arroyitoonline.com.ar\/index.php?rest_route=%2Fwp%2Fv2%2Ftags&post=13225"}],"curies":[{"name":"wp","href":"https:\/\/api.w.org\/{rel}","templated":true}]}}