{"id":13232,"date":"2021-08-02T02:14:45","date_gmt":"2021-08-02T02:14:45","guid":{"rendered":"https:\/\/arroyitoonline.com.ar\/?p=13232"},"modified":"2021-08-02T02:14:46","modified_gmt":"2021-08-02T02:14:46","slug":"agredio-a-su-mujer-y-fue-detenido-por-la-policia","status":"publish","type":"post","link":"https:\/\/arroyitoonline.com.ar\/?p=13232","title":{"rendered":"Agredi\u00f3 a su mujer y fue detenido por la Polic\u00eda"},"content":{"rendered":"\n<p><strong>El agresor, un hombre de 52 a\u00f1os, qued\u00f3 alojado en la Comisar\u00eda, a disposici\u00f3n de la Fiscal\u00eda de Instrucci\u00f3n de Arroyito.<\/strong><\/p>\n\n\n\n<p>A las 15:00 horas de este s\u00e1bado fue solicitada la presencia policial en una vivienda de calle Rafael N\u00fa\u00f1ez al 700, por un problema familiar.<\/p>\n\n\n\n<p>En el lugar, uniformados constataron que, momento antes, una mujer de 49 a\u00f1os discuti\u00f3 con su pareja y fue agredida por el hombre de 52 a\u00f1os.<\/p>\n\n\n\n<p>El agresor result\u00f3 detenido y trasladado a la Comisar\u00eda local quedando alojado a disposici\u00f3n de la Fiscal\u00eda de Instrucci\u00f3n de Arroyito.<\/p>\n\n\n\n<p>Fuente: secci\u00f3n Prensa UR Departamental San Justo.<\/p>\n","protected":false},"excerpt":{"rendered":"<p>El agresor, un hombre de 52 a\u00f1os, qued\u00f3 alojado en la Comisar\u00eda, a disposici\u00f3n de la Fiscal\u00eda de Instrucci\u00f3n de&hellip;<\/p>\n","protected":false},"author":3,"featured_media":8867,"comment_status":"closed","ping_status":"open","sticky":false,"template":"","format":"standard","meta":{"footnotes":""},"categories":[824],"tags":[37,66,67,836,572,635,637,638,825,808,809,810],"class_list":["post-13232","post","type-post","status-publish","format-standard","has-post-thumbnail","hentry","category-policiales-online","tag-agresion","tag-arroyito","tag-arroyito-cordoba","tag-arroyito-online","tag-noticias-de-arroyito-y-zona","tag-policia","tag-policiales","tag-policiales-arroyito","tag-policiales-online","tag-violencia","tag-violencia-de-genero","tag-violencia-familiar"],"_links":{"self":[{"href":"https:\/\/arroyitoonline.com.ar\/index.php?rest_route=\/wp\/v2\/posts\/13232","targetHints":{"allow":["GET"]}}],"collection":[{"href":"https:\/\/arroyitoonline.com.ar\/index.php?rest_route=\/wp\/v2\/posts"}],"about":[{"href":"https:\/\/arroyitoonline.com.ar\/index.php?rest_route=\/wp\/v2\/types\/post"}],"author":[{"embeddable":true,"href":"https:\/\/arroyitoonline.com.ar\/index.php?rest_route=\/wp\/v2\/users\/3"}],"replies":[{"embeddable":true,"href":"https:\/\/arroyitoonline.com.ar\/index.php?rest_route=%2Fwp%2Fv2%2Fcomments&post=13232"}],"version-history":[{"count":1,"href":"https:\/\/arroyitoonline.com.ar\/index.php?rest_route=\/wp\/v2\/posts\/13232\/revisions"}],"predecessor-version":[{"id":13233,"href":"https:\/\/arroyitoonline.com.ar\/index.php?rest_route=\/wp\/v2\/posts\/13232\/revisions\/13233"}],"wp:featuredmedia":[{"embeddable":true,"href":"https:\/\/arroyitoonline.com.ar\/index.php?rest_route=\/wp\/v2\/media\/8867"}],"wp:attachment":[{"href":"https:\/\/arroyitoonline.com.ar\/index.php?rest_route=%2Fwp%2Fv2%2Fmedia&parent=13232"}],"wp:term":[{"taxonomy":"category","embeddable":true,"href":"https:\/\/arroyitoonline.com.ar\/index.php?rest_route=%2Fwp%2Fv2%2Fcategories&post=13232"},{"taxonomy":"post_tag","embeddable":true,"href":"https:\/\/arroyitoonline.com.ar\/index.php?rest_route=%2Fwp%2Fv2%2Ftags&post=13232"}],"curies":[{"name":"wp","href":"https:\/\/api.w.org\/{rel}","templated":true}]}}