{"id":13238,"date":"2021-08-02T18:13:19","date_gmt":"2021-08-02T18:13:19","guid":{"rendered":"https:\/\/arroyitoonline.com.ar\/?p=13238"},"modified":"2021-08-02T18:15:35","modified_gmt":"2021-08-02T18:15:35","slug":"el-ejecutivo-municipal-dono-una-moto-sopladora-a-bomberos-voluntarios","status":"publish","type":"post","link":"https:\/\/arroyitoonline.com.ar\/?p=13238","title":{"rendered":"El Ejecutivo Municipal don\u00f3 una moto sopladora a Bomberos Voluntarios"},"content":{"rendered":"\n<p><strong>Se trata de una herramienta fundamental para el combate de los incendios rurales de gran magnitud.<\/strong><\/p>\n\n\n\n<p>D\u00edas pasados, el Gobierno Municipal hizo entrega de equipamiento, a la Comisi\u00f3n Directiva de la Asociaci\u00f3n de Bomberos Voluntarios y al jefe del Cuerpo Activo, Sandro Gudi\u00f1o. <\/p>\n\n\n\n<p>Se trata de una moto sopladora, herramienta fundamental para el combate de los incendios rurales de gran magnitud. Fue en el marco de los festejos de un aniversario m\u00e1s de esta entidad, que ya lleva casi 50 a\u00f1os de servicio a la comunidad. <\/p>\n\n\n\n<div class=\"wp-block-image\"><figure class=\"aligncenter size-large\"><img loading=\"lazy\" decoding=\"async\" width=\"1024\" height=\"684\" src=\"https:\/\/arroyitoonline.com.ar\/wp-content\/uploads\/2021\/08\/moto-sopladora.jpg\" alt=\"\" class=\"wp-image-13243\" srcset=\"https:\/\/arroyitoonline.com.ar\/wp-content\/uploads\/2021\/08\/moto-sopladora.jpg 1024w, https:\/\/arroyitoonline.com.ar\/wp-content\/uploads\/2021\/08\/moto-sopladora-300x200.jpg 300w, https:\/\/arroyitoonline.com.ar\/wp-content\/uploads\/2021\/08\/moto-sopladora-768x513.jpg 768w\" sizes=\"auto, (max-width: 1024px) 100vw, 1024px\" \/><figcaption><em>La moto sopladora donada por el Gobierno Municipal a Bomberos.<\/em><\/figcaption><\/figure><\/div>\n\n\n\n<p>En el encuentro, Benedetti agradeci\u00f3 la vocaci\u00f3n de servicio de cada uno de los integrantes del cuerpo, como as\u00ed tambi\u00e9n de los vecinos que, a lo largo de tantos a\u00f1os, se comprometieron haciendo cada vez m\u00e1s grande a la asociaci\u00f3n. Por su parte, el presidente de Bomberos, Federico Molina, agradeci\u00f3 al Ejecutivo por esta donaci\u00f3n.<\/p>\n","protected":false},"excerpt":{"rendered":"<p>Se trata de una herramienta fundamental para el combate de los incendios rurales de gran magnitud. D\u00edas pasados, el Gobierno&hellip;<\/p>\n","protected":false},"author":3,"featured_media":13239,"comment_status":"closed","ping_status":"open","sticky":false,"template":"","format":"standard","meta":{"footnotes":""},"categories":[829],"tags":[66,67,836,127,128,129,300,1102,556,572],"class_list":["post-13238","post","type-post","status-publish","format-standard","has-post-thumbnail","hentry","category-municipales-online","tag-arroyito","tag-arroyito-cordoba","tag-arroyito-online","tag-bomberos-arroyito","tag-bomberos-de-arroyito","tag-bomberos-voluntarios","tag-donacion","tag-gobierno-municipal","tag-municipalidad-de-arroyito","tag-noticias-de-arroyito-y-zona"],"_links":{"self":[{"href":"https:\/\/arroyitoonline.com.ar\/index.php?rest_route=\/wp\/v2\/posts\/13238","targetHints":{"allow":["GET"]}}],"collection":[{"href":"https:\/\/arroyitoonline.com.ar\/index.php?rest_route=\/wp\/v2\/posts"}],"about":[{"href":"https:\/\/arroyitoonline.com.ar\/index.php?rest_route=\/wp\/v2\/types\/post"}],"author":[{"embeddable":true,"href":"https:\/\/arroyitoonline.com.ar\/index.php?rest_route=\/wp\/v2\/users\/3"}],"replies":[{"embeddable":true,"href":"https:\/\/arroyitoonline.com.ar\/index.php?rest_route=%2Fwp%2Fv2%2Fcomments&post=13238"}],"version-history":[{"count":4,"href":"https:\/\/arroyitoonline.com.ar\/index.php?rest_route=\/wp\/v2\/posts\/13238\/revisions"}],"predecessor-version":[{"id":13244,"href":"https:\/\/arroyitoonline.com.ar\/index.php?rest_route=\/wp\/v2\/posts\/13238\/revisions\/13244"}],"wp:featuredmedia":[{"embeddable":true,"href":"https:\/\/arroyitoonline.com.ar\/index.php?rest_route=\/wp\/v2\/media\/13239"}],"wp:attachment":[{"href":"https:\/\/arroyitoonline.com.ar\/index.php?rest_route=%2Fwp%2Fv2%2Fmedia&parent=13238"}],"wp:term":[{"taxonomy":"category","embeddable":true,"href":"https:\/\/arroyitoonline.com.ar\/index.php?rest_route=%2Fwp%2Fv2%2Fcategories&post=13238"},{"taxonomy":"post_tag","embeddable":true,"href":"https:\/\/arroyitoonline.com.ar\/index.php?rest_route=%2Fwp%2Fv2%2Ftags&post=13238"}],"curies":[{"name":"wp","href":"https:\/\/api.w.org\/{rel}","templated":true}]}}