{"id":13245,"date":"2021-08-02T18:27:25","date_gmt":"2021-08-02T18:27:25","guid":{"rendered":"https:\/\/arroyitoonline.com.ar\/?p=13245"},"modified":"2021-08-03T02:05:13","modified_gmt":"2021-08-03T02:05:13","slug":"covid-19-arroyito-comienza-la-vacunacion-a-menores-de-12-a-17-anos","status":"publish","type":"post","link":"https:\/\/arroyitoonline.com.ar\/?p=13245","title":{"rendered":"Covid-19: Arroyito comienza la vacunaci\u00f3n a menores de 12 a 17 a\u00f1os"},"content":{"rendered":"\n<p><strong>M\u00e1s de 100 ni\u00f1os y j\u00f3venes ser\u00e1n inmunizados con la vacuna Moderna, priorizando los grupos de riesgo<\/strong>.<\/p>\n\n\n\n<p>El Gobierno Municipal inicia, este martes 3 de agosto, el operativo de vacunaci\u00f3n contra la Covid-19, para personas de 12 a 17 a\u00f1os que han sido convocadas por el CiDi -previa inscripci\u00f3n- y, a su vez, contin\u00faa la inoculaci\u00f3n espont\u00e1nea a mayores de 30 a\u00f1os.<\/p>\n\n\n\n<p><strong>M\u00e1s de 100 ni\u00f1os y j\u00f3venes ser\u00e1n inmunizados con la vacuna Moderna, priorizando los grupos de riesgo.<\/strong> En este marco, e<strong>l vacunatorio del Sal\u00f3n Parroquial funcionar\u00e1 de lunes a viernes de 8:00 a 17:00 horas.<\/strong><\/p>\n\n\n\n<p>Es fundamental&nbsp;que cada persona acuda a su vacunaci\u00f3n el d\u00eda que fue convocada por el CiDi, como le indica el mensaje de texto o email que recibe evitando que se reprograme su turno.&nbsp;<\/p>\n\n\n\n<p><strong>Los vecinos que recibieron la notificaci\u00f3n y a\u00fan no se han acercado al vacunatorio, deben hacerlo, de manera obligatoria, hasta el viernes 6 de agosto inclusive.<\/strong><\/p>\n","protected":false},"excerpt":{"rendered":"<p>M\u00e1s de 100 ni\u00f1os y j\u00f3venes ser\u00e1n inmunizados con la vacuna Moderna, priorizando los grupos de riesgo. El Gobierno Municipal&hellip;<\/p>\n","protected":false},"author":3,"featured_media":13146,"comment_status":"closed","ping_status":"open","sticky":false,"template":"","format":"standard","meta":{"footnotes":""},"categories":[9],"tags":[66,67,836,1149,1108,1152,1102,1177,530,572,705,706,790,1219],"class_list":["post-13245","post","type-post","status-publish","format-standard","has-post-thumbnail","hentry","category-infosalud","tag-arroyito","tag-arroyito-cordoba","tag-arroyito-online","tag-centro-de-emergencias-de-arroyito","tag-coronavirus","tag-covid-19","tag-gobierno-municipal","tag-hospital-municipal-carlos-j-rodriguez","tag-menores","tag-noticias-de-arroyito-y-zona","tag-salon-parroquial","tag-salud","tag-vacunacion","tag-vacunacion-covid-19"],"_links":{"self":[{"href":"https:\/\/arroyitoonline.com.ar\/index.php?rest_route=\/wp\/v2\/posts\/13245","targetHints":{"allow":["GET"]}}],"collection":[{"href":"https:\/\/arroyitoonline.com.ar\/index.php?rest_route=\/wp\/v2\/posts"}],"about":[{"href":"https:\/\/arroyitoonline.com.ar\/index.php?rest_route=\/wp\/v2\/types\/post"}],"author":[{"embeddable":true,"href":"https:\/\/arroyitoonline.com.ar\/index.php?rest_route=\/wp\/v2\/users\/3"}],"replies":[{"embeddable":true,"href":"https:\/\/arroyitoonline.com.ar\/index.php?rest_route=%2Fwp%2Fv2%2Fcomments&post=13245"}],"version-history":[{"count":2,"href":"https:\/\/arroyitoonline.com.ar\/index.php?rest_route=\/wp\/v2\/posts\/13245\/revisions"}],"predecessor-version":[{"id":13257,"href":"https:\/\/arroyitoonline.com.ar\/index.php?rest_route=\/wp\/v2\/posts\/13245\/revisions\/13257"}],"wp:featuredmedia":[{"embeddable":true,"href":"https:\/\/arroyitoonline.com.ar\/index.php?rest_route=\/wp\/v2\/media\/13146"}],"wp:attachment":[{"href":"https:\/\/arroyitoonline.com.ar\/index.php?rest_route=%2Fwp%2Fv2%2Fmedia&parent=13245"}],"wp:term":[{"taxonomy":"category","embeddable":true,"href":"https:\/\/arroyitoonline.com.ar\/index.php?rest_route=%2Fwp%2Fv2%2Fcategories&post=13245"},{"taxonomy":"post_tag","embeddable":true,"href":"https:\/\/arroyitoonline.com.ar\/index.php?rest_route=%2Fwp%2Fv2%2Ftags&post=13245"}],"curies":[{"name":"wp","href":"https:\/\/api.w.org\/{rel}","templated":true}]}}