{"id":13248,"date":"2021-08-02T19:32:08","date_gmt":"2021-08-02T19:32:08","guid":{"rendered":"https:\/\/arroyitoonline.com.ar\/?p=13248"},"modified":"2021-08-02T19:32:11","modified_gmt":"2021-08-02T19:32:11","slug":"covid-19-arroyito-supero-las-20-mil-dosis-colocadas","status":"publish","type":"post","link":"https:\/\/arroyitoonline.com.ar\/?p=13248","title":{"rendered":"Covid-19: Arroyito super\u00f3 las 20 mil dosis colocadas"},"content":{"rendered":"\n<p><strong>El Gobierno Municipal realiz\u00f3 una suelta de globos <em>&#8220;como s\u00edmbolo de lucha y esfuerzo a lo largo de esta pandemia&#8221;<\/em>.<\/strong><\/p>\n\n\n\n<p>El mi\u00e9rcoles 28 de julio, el Gobierno Municipal realiz\u00f3 una suelta de globos <em>&#8220;como s\u00edmbolo de lucha y esfuerzo a lo largo de esta pandemia&#8221;<\/em>. En este marco, conmemoraron que se super\u00f3 la cifra de 20.000 vacunas contra la Covid-19 colocadas en nuestra ciudad. Es decir que el 85% de la poblaci\u00f3n mayor de 18 a\u00f1os ya est\u00e1 inoculada con el primer componente de alguna de las vacunas de los laboratorios autorizados por Anmat.<\/p>\n\n\n\n<p>Despu\u00e9s de una jornada r\u00e9cord de vacunaci\u00f3n (1100 dosis colocadas), el intendente Benedetti agradeci\u00f3 a todo el equipo de Salud y, en especial, a los protagonistas de este logro:<\/p>\n\n\n\n<p>Las enfermeras Leticia Acevedo, Laura L\u00f3pez, Liliana Taborda, Marisa Bonivardo, Carla Guti\u00e9rrez, Mar\u00eda Moreira, Karen Baigorria, Cristina Herrera Cristina Astrada, Ramona Anrr\u00edquez, Gladys Montersino y Fernanda Altamirano,\u00a0a cargo de la m\u00e9dica Infect\u00f3loga M\u00f3nica Rodr\u00edguez.<\/p>\n\n\n\n<p>Tambi\u00e9n al personal del<strong> Centro de Emergencias de Aroyito (CEA),<\/strong>\u00a0que colabora en el ordenamiento de los vecinos antes de su ingreso al vacunatorio;\u00a0<strong>a padre Gabriel\u00a0Camusso<\/strong>, por ceder el Sal\u00f3n Parroquial durante tantos meses y, por \u00faltimo, a los miles de vecinos que pasan a inocularse, por el compromiso y el respeto demostrados.<\/p>\n\n\n\n<figure class=\"wp-block-image size-large\"><img loading=\"lazy\" decoding=\"async\" width=\"1024\" height=\"768\" src=\"https:\/\/arroyitoonline.com.ar\/wp-content\/uploads\/2021\/08\/atardecer-suelta-de-globos.jpeg\" alt=\"\" class=\"wp-image-13250\" srcset=\"https:\/\/arroyitoonline.com.ar\/wp-content\/uploads\/2021\/08\/atardecer-suelta-de-globos.jpeg 1024w, https:\/\/arroyitoonline.com.ar\/wp-content\/uploads\/2021\/08\/atardecer-suelta-de-globos-300x225.jpeg 300w, https:\/\/arroyitoonline.com.ar\/wp-content\/uploads\/2021\/08\/atardecer-suelta-de-globos-768x576.jpeg 768w\" sizes=\"auto, (max-width: 1024px) 100vw, 1024px\" \/><figcaption><em>Los globos celestes y blancos alej\u00e1ndose hacia la puesta del sol<\/em><\/figcaption><\/figure>\n\n\n\n<blockquote class=\"wp-block-quote is-style-large is-layout-flow wp-block-quote-is-layout-flow\"><p><em>\u201cNo solo son m\u00e1s de 20000 mayores de 18 a\u00f1os vacunados con la primera dosis, sino que tenemos m\u00e1s del 30% de personas con segunda dosis, porcentajes que no se replican en otras ciudades\u201d<\/em><\/p><cite>expreso el intendente Gustavo Benedetti.<\/cite><\/blockquote>\n\n\n\n<p>Durante el sencillo acto, dos vecinas de nuestra ciudad dieron testimonio del paso del coronavirus y sus lamentables consecuencias. Una de ellas, Roxana Machado, una sobreviviente de la enfermedad -quien perdi\u00f3 a su marido-, pudo ganarle al virus, tras semanas intubada. Ambas coincidieron resaltando la importancia de vacunarse e incentivar a los dem\u00e1s para que lo hagan.<\/p>\n\n\n\n<p>Arroyito se consolidad como la segunda ciudad del Departamento San Justo con m\u00e1s dosis colocadas en relaci\u00f3n a su poblaci\u00f3n y la gesti\u00f3n del intendente Benedetti redobla los esfuerzos invitando a todos a sumarse en la lucha contra esta pandemia.<\/p>\n","protected":false},"excerpt":{"rendered":"<p>El Gobierno Municipal realiz\u00f3 una suelta de globos &#8220;como s\u00edmbolo de lucha y esfuerzo a lo largo de esta pandemia&#8221;.&hellip;<\/p>\n","protected":false},"author":3,"featured_media":13249,"comment_status":"closed","ping_status":"open","sticky":false,"template":"","format":"standard","meta":{"footnotes":""},"categories":[9],"tags":[66,67,836,1149,1108,1152,1102,426,1177,572,706,790,1219],"class_list":["post-13248","post","type-post","status-publish","format-standard","has-post-thumbnail","hentry","category-infosalud","tag-arroyito","tag-arroyito-cordoba","tag-arroyito-online","tag-centro-de-emergencias-de-arroyito","tag-coronavirus","tag-covid-19","tag-gobierno-municipal","tag-hospital","tag-hospital-municipal-carlos-j-rodriguez","tag-noticias-de-arroyito-y-zona","tag-salud","tag-vacunacion","tag-vacunacion-covid-19"],"_links":{"self":[{"href":"https:\/\/arroyitoonline.com.ar\/index.php?rest_route=\/wp\/v2\/posts\/13248","targetHints":{"allow":["GET"]}}],"collection":[{"href":"https:\/\/arroyitoonline.com.ar\/index.php?rest_route=\/wp\/v2\/posts"}],"about":[{"href":"https:\/\/arroyitoonline.com.ar\/index.php?rest_route=\/wp\/v2\/types\/post"}],"author":[{"embeddable":true,"href":"https:\/\/arroyitoonline.com.ar\/index.php?rest_route=\/wp\/v2\/users\/3"}],"replies":[{"embeddable":true,"href":"https:\/\/arroyitoonline.com.ar\/index.php?rest_route=%2Fwp%2Fv2%2Fcomments&post=13248"}],"version-history":[{"count":1,"href":"https:\/\/arroyitoonline.com.ar\/index.php?rest_route=\/wp\/v2\/posts\/13248\/revisions"}],"predecessor-version":[{"id":13251,"href":"https:\/\/arroyitoonline.com.ar\/index.php?rest_route=\/wp\/v2\/posts\/13248\/revisions\/13251"}],"wp:featuredmedia":[{"embeddable":true,"href":"https:\/\/arroyitoonline.com.ar\/index.php?rest_route=\/wp\/v2\/media\/13249"}],"wp:attachment":[{"href":"https:\/\/arroyitoonline.com.ar\/index.php?rest_route=%2Fwp%2Fv2%2Fmedia&parent=13248"}],"wp:term":[{"taxonomy":"category","embeddable":true,"href":"https:\/\/arroyitoonline.com.ar\/index.php?rest_route=%2Fwp%2Fv2%2Fcategories&post=13248"},{"taxonomy":"post_tag","embeddable":true,"href":"https:\/\/arroyitoonline.com.ar\/index.php?rest_route=%2Fwp%2Fv2%2Ftags&post=13248"}],"curies":[{"name":"wp","href":"https:\/\/api.w.org\/{rel}","templated":true}]}}