{"id":13270,"date":"2021-08-04T19:10:28","date_gmt":"2021-08-04T19:10:28","guid":{"rendered":"https:\/\/arroyitoonline.com.ar\/?p=13270"},"modified":"2021-08-04T19:12:14","modified_gmt":"2021-08-04T19:12:14","slug":"covid-19-llegan-950-segundas-dosis-de-astrazeneca","status":"publish","type":"post","link":"https:\/\/arroyitoonline.com.ar\/?p=13270","title":{"rendered":"Covid-19: llegan 950 segundas dosis de AstraZeneca"},"content":{"rendered":"\n<p><strong>El vacunatorio funciona los d\u00edas mi\u00e9rcoles 4, jueves 5, viernes 6 y s\u00e1bado 7. Los vecinos que ser\u00e1n inoculados ya fueron notificados por el sistema CiDi.<\/strong><\/p>\n\n\n\n<p>El \u00e1rea de Inmunizaci\u00f3n del Hospital Municipal de Autogesti\u00f3n Carlos J. Rodr\u00edguez informa que, este jueves 5, <strong>llegan 950 segundos componentes de la vacuna AstraZeneca<\/strong> contra la Covid-19. Los vecinos que ser\u00e1n inoculados ya fueron notificados por el sistema CiDi.<\/p>\n\n\n\n<p>El vacunatorio del Sal\u00f3n Parroquial funcionar\u00e1 de la siguiente manera:<\/p>\n\n\n\n<ul class=\"wp-block-list\"><li><strong>Mi\u00e9rcoles 4:<\/strong>&nbsp;7:00 a 15:00 horas<\/li><li><strong>Jueves 5:<\/strong>&nbsp;7:00 a 19:00 horas<\/li><li><strong>Viernes 6:<\/strong>&nbsp;7:00 a 17:00 horas<\/li><li><strong>S\u00e1bado 7:<\/strong>&nbsp;7:30 a 14:00 horas<\/li><\/ul>\n\n\n\n<div class=\"wp-block-image\"><figure class=\"aligncenter size-large\"><img loading=\"lazy\" decoding=\"async\" width=\"1024\" height=\"1024\" src=\"https:\/\/arroyitoonline.com.ar\/wp-content\/uploads\/2021\/08\/vacunaci\u00f3n-covid-agosto-1024x1024.jpg\" alt=\"\" class=\"wp-image-13273\" srcset=\"https:\/\/arroyitoonline.com.ar\/wp-content\/uploads\/2021\/08\/vacunaci\u00f3n-covid-agosto-1024x1024.jpg 1024w, https:\/\/arroyitoonline.com.ar\/wp-content\/uploads\/2021\/08\/vacunaci\u00f3n-covid-agosto-300x300.jpg 300w, https:\/\/arroyitoonline.com.ar\/wp-content\/uploads\/2021\/08\/vacunaci\u00f3n-covid-agosto-150x150.jpg 150w, https:\/\/arroyitoonline.com.ar\/wp-content\/uploads\/2021\/08\/vacunaci\u00f3n-covid-agosto-768x768.jpg 768w, https:\/\/arroyitoonline.com.ar\/wp-content\/uploads\/2021\/08\/vacunaci\u00f3n-covid-agosto-1536x1536.jpg 1536w, https:\/\/arroyitoonline.com.ar\/wp-content\/uploads\/2021\/08\/vacunaci\u00f3n-covid-agosto-scaled.jpg 2048w\" sizes=\"auto, (max-width: 1024px) 100vw, 1024px\" \/><figcaption><em>Llegan a Arroyito, 950 segundos componentes de la vacuna AstraZeneca.<\/em><\/figcaption><\/figure><\/div>\n\n\n\n<p><strong>Por su parte, a las 13:00 y por el lapso aproximado de una hora, el vacunatorio realiza un intervalo para la carga de datos.<\/strong><\/p>\n\n\n\n<p><strong>Las personas que est\u00e1n cursando el coronavirus&nbsp;o se han colocado alguna otra vacuna<\/strong>, por lo que no pueden recibir la inmunizaci\u00f3n contra la covid-19,&nbsp;<strong>deben enviar a alg\u00fan familiar\/amigo al vacunatorio, con su notificaci\u00f3n, para que el personal le designe un nuevo turno.<\/strong><\/p>\n\n\n\n<p><strong>Aquellos que son convocados para la segunda dosis deben asistir con el carnet de vacunaci\u00f3n contra el coronavirus, de manera obligatoria.<\/strong><\/p>\n\n\n\n<p><strong>Adem\u00e1s, la vacunaci\u00f3n espont\u00e1nea <\/strong>(para mayores de 30, personas con discapacidad, embarazadas y vecinos que perdieron su turno)<strong> se retomar\u00e1 a partir del martes 10 de agosto.<\/strong><\/p>\n\n\n\n<p>Por \u00faltimo,<strong>&nbsp;desde el Municipio solicitan a los vecinos y vecinas que asisten a los operativos, que respeten las normas de bioseguridad y las indicaciones del personal de Salud.<\/strong><\/p>\n","protected":false},"excerpt":{"rendered":"<p>El vacunatorio funciona los d\u00edas mi\u00e9rcoles 4, jueves 5, viernes 6 y s\u00e1bado 7. Los vecinos que ser\u00e1n inoculados ya&hellip;<\/p>\n","protected":false},"author":3,"featured_media":11947,"comment_status":"closed","ping_status":"open","sticky":false,"template":"","format":"standard","meta":{"footnotes":""},"categories":[9],"tags":[66,67,836,1149,1108,1152,426,1177,572,705,706,790,1219],"class_list":["post-13270","post","type-post","status-publish","format-standard","has-post-thumbnail","hentry","category-infosalud","tag-arroyito","tag-arroyito-cordoba","tag-arroyito-online","tag-centro-de-emergencias-de-arroyito","tag-coronavirus","tag-covid-19","tag-hospital","tag-hospital-municipal-carlos-j-rodriguez","tag-noticias-de-arroyito-y-zona","tag-salon-parroquial","tag-salud","tag-vacunacion","tag-vacunacion-covid-19"],"_links":{"self":[{"href":"https:\/\/arroyitoonline.com.ar\/index.php?rest_route=\/wp\/v2\/posts\/13270","targetHints":{"allow":["GET"]}}],"collection":[{"href":"https:\/\/arroyitoonline.com.ar\/index.php?rest_route=\/wp\/v2\/posts"}],"about":[{"href":"https:\/\/arroyitoonline.com.ar\/index.php?rest_route=\/wp\/v2\/types\/post"}],"author":[{"embeddable":true,"href":"https:\/\/arroyitoonline.com.ar\/index.php?rest_route=\/wp\/v2\/users\/3"}],"replies":[{"embeddable":true,"href":"https:\/\/arroyitoonline.com.ar\/index.php?rest_route=%2Fwp%2Fv2%2Fcomments&post=13270"}],"version-history":[{"count":2,"href":"https:\/\/arroyitoonline.com.ar\/index.php?rest_route=\/wp\/v2\/posts\/13270\/revisions"}],"predecessor-version":[{"id":13274,"href":"https:\/\/arroyitoonline.com.ar\/index.php?rest_route=\/wp\/v2\/posts\/13270\/revisions\/13274"}],"wp:featuredmedia":[{"embeddable":true,"href":"https:\/\/arroyitoonline.com.ar\/index.php?rest_route=\/wp\/v2\/media\/11947"}],"wp:attachment":[{"href":"https:\/\/arroyitoonline.com.ar\/index.php?rest_route=%2Fwp%2Fv2%2Fmedia&parent=13270"}],"wp:term":[{"taxonomy":"category","embeddable":true,"href":"https:\/\/arroyitoonline.com.ar\/index.php?rest_route=%2Fwp%2Fv2%2Fcategories&post=13270"},{"taxonomy":"post_tag","embeddable":true,"href":"https:\/\/arroyitoonline.com.ar\/index.php?rest_route=%2Fwp%2Fv2%2Ftags&post=13270"}],"curies":[{"name":"wp","href":"https:\/\/api.w.org\/{rel}","templated":true}]}}