{"id":13278,"date":"2021-08-05T19:40:53","date_gmt":"2021-08-05T19:40:53","guid":{"rendered":"https:\/\/arroyitoonline.com.ar\/?p=13278"},"modified":"2021-08-05T19:40:55","modified_gmt":"2021-08-05T19:40:55","slug":"este-viernes-6-el-punto-vecino-estara-en-el-centro-vecinal-nicolas-batalla","status":"publish","type":"post","link":"https:\/\/arroyitoonline.com.ar\/?p=13278","title":{"rendered":"Este viernes 6, el Punto Vecino estar\u00e1 en el Centro Vecinal Nicol\u00e1s Batalla"},"content":{"rendered":"\n<p><strong>Este programa municipal permite acercarse a los centros vecinales para la realizaci\u00f3n de tr\u00e1mites municipales.<\/strong><\/p>\n\n\n\n<p>Sigue la atenci\u00f3n a trav\u00e9s de Punto Vecino, un programa municipal que permite a los interesados acercarse a los centros vecinales para la realizaci\u00f3n de tr\u00e1mites de diferentes \u00e1reas municipales.<\/p>\n\n\n\n<figure class=\"wp-block-image size-large\"><img loading=\"lazy\" decoding=\"async\" width=\"1024\" height=\"1024\" src=\"https:\/\/arroyitoonline.com.ar\/wp-content\/uploads\/2021\/08\/punto-vecino-nicol\u00e1s-batalla-1024x1024.jpeg\" alt=\"\" class=\"wp-image-13279\" srcset=\"https:\/\/arroyitoonline.com.ar\/wp-content\/uploads\/2021\/08\/punto-vecino-nicol\u00e1s-batalla-1024x1024.jpeg 1024w, https:\/\/arroyitoonline.com.ar\/wp-content\/uploads\/2021\/08\/punto-vecino-nicol\u00e1s-batalla-300x300.jpeg 300w, https:\/\/arroyitoonline.com.ar\/wp-content\/uploads\/2021\/08\/punto-vecino-nicol\u00e1s-batalla-150x150.jpeg 150w, https:\/\/arroyitoonline.com.ar\/wp-content\/uploads\/2021\/08\/punto-vecino-nicol\u00e1s-batalla-768x768.jpeg 768w, https:\/\/arroyitoonline.com.ar\/wp-content\/uploads\/2021\/08\/punto-vecino-nicol\u00e1s-batalla.jpeg 1280w\" sizes=\"auto, (max-width: 1024px) 100vw, 1024px\" \/><\/figure>\n\n\n\n<p>Quienes asistan deben llevar el DNI para poder hacer los diferentes tr\u00e1mites. Este viernes 6 de agosto,\u00a0<strong>el Punto Vecino estar\u00e1 en la sede del\u00a0Centro Vecinal Nicol\u00e1s Batalla -sobre calle Avellaneda-, de 9:00 a 13:00 horas.<\/strong><\/p>\n\n\n\n<p><strong>Tr\u00e1mites que pueden realizarse:<\/strong><\/p>\n\n\n\n<p>\u2022<strong>&nbsp;Tr\u00e1mites Digitales:<\/strong>&nbsp;Anses (asignaciones); CiDi (generaci\u00f3n de Ciudadano Digital); Registro de vacunaci\u00f3n Covid; reempadronamiento de vacunaci\u00f3n Covid, Boleto Educativo Gratuito; Paicor; partidas de nacimiento; Banco de la Gente.<br>\u2022&nbsp;<strong>Empleo:<\/strong>&nbsp;entrevistas personales para programas de empleo; curriculum vitae; asesoramiento a emprendedores.<br>\u2022 Tr\u00e1mites de Comercio y Bromatolog\u00eda: habilitaciones, requisitos de apertura de comercios; asesoramiento; consultas.<br>\u2022&nbsp;<strong>Tr\u00e1mites para personas con discapacidad:<\/strong>&nbsp;empadronamiento de personas con discapacidad, inscripci\u00f3n para la vacunaci\u00f3n contra la covid-19. Turnos para la obtenci\u00f3n del Certificado de Discapacidad, asesoramiento para el tramites de Pensi\u00f3n No Contributiva)-PUAM, tr\u00e1mites de Anses, asesoramiento. Asistir con DNI y certificado de Discapacidad.<br>\u2022&nbsp;<strong>Punto Mujer:<\/strong>&nbsp;espacio de orientaci\u00f3n, acompa\u00f1amiento y contenci\u00f3n para las mujeres ante situaciones de acoso, agresi\u00f3n u otros casos de violencia de g\u00e9nero. Asesor\u00eda sobre Programas y atenciones espec\u00edficas.<br>\u2022&nbsp;<strong>Encuesta sobre residuos s\u00f3lidos urbanos<\/strong><br>\u2022&nbsp;<strong>Centro de Asistencia a las Adicciones<\/strong><\/p>\n\n\n\n<p><strong>Realiz\u00e1 tus tr\u00e1mites de manera simple, cerca de tu casa. El Municipio est\u00e1 en los barrios<\/strong>.<\/p>\n","protected":false},"excerpt":{"rendered":"<p>Este programa municipal permite acercarse a los centros vecinales para la realizaci\u00f3n de tr\u00e1mites municipales. Sigue la atenci\u00f3n a trav\u00e9s&hellip;<\/p>\n","protected":false},"author":3,"featured_media":11848,"comment_status":"closed","ping_status":"open","sticky":false,"template":"","format":"standard","meta":{"footnotes":""},"categories":[829],"tags":[66,67,836,178,181,1094,296,1102,572,1223,1251,1252],"class_list":["post-13278","post","type-post","status-publish","format-standard","has-post-thumbnail","hentry","category-municipales-online","tag-arroyito","tag-arroyito-cordoba","tag-arroyito-online","tag-centro-vecinal-nicolas-batalla","tag-centros-vecinales","tag-cidi","tag-discapacidad","tag-gobierno-municipal","tag-noticias-de-arroyito-y-zona","tag-punto-mujer","tag-punto-vecino","tag-tramites"],"_links":{"self":[{"href":"https:\/\/arroyitoonline.com.ar\/index.php?rest_route=\/wp\/v2\/posts\/13278","targetHints":{"allow":["GET"]}}],"collection":[{"href":"https:\/\/arroyitoonline.com.ar\/index.php?rest_route=\/wp\/v2\/posts"}],"about":[{"href":"https:\/\/arroyitoonline.com.ar\/index.php?rest_route=\/wp\/v2\/types\/post"}],"author":[{"embeddable":true,"href":"https:\/\/arroyitoonline.com.ar\/index.php?rest_route=\/wp\/v2\/users\/3"}],"replies":[{"embeddable":true,"href":"https:\/\/arroyitoonline.com.ar\/index.php?rest_route=%2Fwp%2Fv2%2Fcomments&post=13278"}],"version-history":[{"count":1,"href":"https:\/\/arroyitoonline.com.ar\/index.php?rest_route=\/wp\/v2\/posts\/13278\/revisions"}],"predecessor-version":[{"id":13281,"href":"https:\/\/arroyitoonline.com.ar\/index.php?rest_route=\/wp\/v2\/posts\/13278\/revisions\/13281"}],"wp:featuredmedia":[{"embeddable":true,"href":"https:\/\/arroyitoonline.com.ar\/index.php?rest_route=\/wp\/v2\/media\/11848"}],"wp:attachment":[{"href":"https:\/\/arroyitoonline.com.ar\/index.php?rest_route=%2Fwp%2Fv2%2Fmedia&parent=13278"}],"wp:term":[{"taxonomy":"category","embeddable":true,"href":"https:\/\/arroyitoonline.com.ar\/index.php?rest_route=%2Fwp%2Fv2%2Fcategories&post=13278"},{"taxonomy":"post_tag","embeddable":true,"href":"https:\/\/arroyitoonline.com.ar\/index.php?rest_route=%2Fwp%2Fv2%2Ftags&post=13278"}],"curies":[{"name":"wp","href":"https:\/\/api.w.org\/{rel}","templated":true}]}}