{"id":13285,"date":"2021-08-09T13:31:29","date_gmt":"2021-08-09T13:31:29","guid":{"rendered":"https:\/\/arroyitoonline.com.ar\/?p=13285"},"modified":"2021-08-09T13:31:32","modified_gmt":"2021-08-09T13:31:32","slug":"presentaron-licitacion-para-la-concesion-del-balneario-municipal","status":"publish","type":"post","link":"https:\/\/arroyitoonline.com.ar\/?p=13285","title":{"rendered":"Presentaron Licitaci\u00f3n para la concesi\u00f3n del balneario municipal"},"content":{"rendered":"\n<p><strong>El objetivo del Ejecutivo es la generaci\u00f3n de proyectos de inversi\u00f3n privados para la refuncionalizaci\u00f3n de la Costanera potenciando un Arroyito tur\u00edstico.<\/strong><\/p>\n\n\n\n<p>El intendente Gustavo Benedetti y la viceintendente Mar\u00eda Jos\u00e9 Esp\u00f3sito, junto a funcionarios del Gobierno Municipal, realizaron la presentaci\u00f3n formal de la <a href=\"https:\/\/arroyitoonline.com.ar\/municipales-online\/arroyito-licita-su-costanera-y-busca-potenciarla-como-atractivo-turistico\/\" target=\"_blank\" rel=\"noreferrer noopener\">Licitaci\u00f3n P\u00fablica para la Concesi\u00f3n y Desarrollo Urbano Tur\u00edstico del balneario municipal, en la zona costanera sur del Rio Xanaes<\/a>.<\/p>\n\n\n\n<p>En un escenario \u00fanico y majestuoso, como lo es la costa del r\u00edo Xanaes, Benedetti enumer\u00f3 los detalles de esta acci\u00f3n despejando todas las dudas de los medios de comunicaci\u00f3n locales, del departamento San Justo, de la regi\u00f3n Ansenuza y de la provincia.<\/p>\n\n\n\n<p>En la presentaci\u00f3n estuvieron presentes el equipo de trabajo de la Coordinaci\u00f3n de Turismo, el Departamento Ejecutivo y representantes de las \u00e1reas involucradas en la Licitaci\u00f3n.<\/p>\n\n\n\n<p>El objetivo del primer mandatario es la generaci\u00f3n de proyectos de inversi\u00f3n privados para la refuncionalizaci\u00f3n de la Costanera, con el fin de que el espacio sea utilizado por los ciudadanos y vecinos de la zona, potenciando un Arroyito tur\u00edstico.<\/p>\n\n\n\n<p><strong>Licitaci\u00f3n P\u00fablica<\/strong><\/p>\n\n\n\n<p>Los interesados ya pueden adquirir los pliegos en la Secretar\u00eda de Econom\u00eda y Finanzas (edificio municipal), de lunes a viernes de 7:00 a 13:00 horas. <\/p>\n\n\n\n<p>El procedimiento de la apertura de sobres se realizar\u00e1 en un acto \u00fanico, el martes 17 de agosto pr\u00f3ximo, a las 12:00 horas, en el Sal\u00f3n de Actos de la Municipalidad de la Ciudad de Arroyito, Rivadavia 413.<\/p>\n","protected":false},"excerpt":{"rendered":"<p>El objetivo del Ejecutivo es la generaci\u00f3n de proyectos de inversi\u00f3n privados para la refuncionalizaci\u00f3n de la Costanera potenciando un&hellip;<\/p>\n","protected":false},"author":3,"featured_media":13290,"comment_status":"closed","ping_status":"open","sticky":false,"template":"","format":"standard","meta":{"footnotes":""},"categories":[1044],"tags":[66,67,836,95,115,1069,1102,968,495,572,578,690,776],"class_list":["post-13285","post","type-post","status-publish","format-standard","has-post-thumbnail","hentry","category-obras-publicas","tag-arroyito","tag-arroyito-cordoba","tag-arroyito-online","tag-balneario","tag-benedetti","tag-costanera","tag-gobierno-municipal","tag-gustavo-benedetti","tag-licitacion","tag-noticias-de-arroyito-y-zona","tag-obras-publicas","tag-rio-xanaes","tag-turismo"],"_links":{"self":[{"href":"https:\/\/arroyitoonline.com.ar\/index.php?rest_route=\/wp\/v2\/posts\/13285","targetHints":{"allow":["GET"]}}],"collection":[{"href":"https:\/\/arroyitoonline.com.ar\/index.php?rest_route=\/wp\/v2\/posts"}],"about":[{"href":"https:\/\/arroyitoonline.com.ar\/index.php?rest_route=\/wp\/v2\/types\/post"}],"author":[{"embeddable":true,"href":"https:\/\/arroyitoonline.com.ar\/index.php?rest_route=\/wp\/v2\/users\/3"}],"replies":[{"embeddable":true,"href":"https:\/\/arroyitoonline.com.ar\/index.php?rest_route=%2Fwp%2Fv2%2Fcomments&post=13285"}],"version-history":[{"count":3,"href":"https:\/\/arroyitoonline.com.ar\/index.php?rest_route=\/wp\/v2\/posts\/13285\/revisions"}],"predecessor-version":[{"id":13291,"href":"https:\/\/arroyitoonline.com.ar\/index.php?rest_route=\/wp\/v2\/posts\/13285\/revisions\/13291"}],"wp:featuredmedia":[{"embeddable":true,"href":"https:\/\/arroyitoonline.com.ar\/index.php?rest_route=\/wp\/v2\/media\/13290"}],"wp:attachment":[{"href":"https:\/\/arroyitoonline.com.ar\/index.php?rest_route=%2Fwp%2Fv2%2Fmedia&parent=13285"}],"wp:term":[{"taxonomy":"category","embeddable":true,"href":"https:\/\/arroyitoonline.com.ar\/index.php?rest_route=%2Fwp%2Fv2%2Fcategories&post=13285"},{"taxonomy":"post_tag","embeddable":true,"href":"https:\/\/arroyitoonline.com.ar\/index.php?rest_route=%2Fwp%2Fv2%2Ftags&post=13285"}],"curies":[{"name":"wp","href":"https:\/\/api.w.org\/{rel}","templated":true}]}}