{"id":13299,"date":"2021-08-09T14:53:02","date_gmt":"2021-08-09T14:53:02","guid":{"rendered":"https:\/\/arroyitoonline.com.ar\/?p=13299"},"modified":"2021-08-09T14:53:04","modified_gmt":"2021-08-09T14:53:04","slug":"covid-19-arroyito-comenzo-la-vacunacion-con-segundas-dosis-combinadas","status":"publish","type":"post","link":"https:\/\/arroyitoonline.com.ar\/?p=13299","title":{"rendered":"Covid-19: Arroyito comenz\u00f3 la vacunaci\u00f3n con segundas dosis combinadas"},"content":{"rendered":"\n<p><strong>Hoy inici\u00f3 este operativo, con la inoculaci\u00f3n de 640 personas que ten\u00edan primer componente de Sputnik y reciben la vacuna Moderna.<\/strong><\/p>\n\n\n\n<p><strong>El \u00e1rea de Inmunizaci\u00f3n Municipal comenz\u00f3 la vacunaci\u00f3n contra la Covid-19 con un esquema heter\u00f3logo, es decir, combinaci\u00f3n de dosis.<\/strong><\/p>\n\n\n\n<p>Desde los Ministerios de Salud de Provincia y Naci\u00f3n se ha autorizado la inoculaci\u00f3n con dosis del laboratorio Moderna, a las personas mayores de 60 a\u00f1os vacunadas con el primer componente de Sputnik V. Cabe destacar que su efectividad est\u00e1 comprobada por los organismos de Salud pertinentes.<\/p>\n\n\n\n<p><strong>Hoy inici\u00f3 este operativo, con la inoculaci\u00f3n de 640 personas. Es muy importante que las personas convocadas por el CiDi asistan con su carnet de vacunaci\u00f3n de coronavirus.<\/strong><\/p>\n\n\n\n<p>El vacunatorio del Sal\u00f3n Parroquial atender\u00e1 de 8:00 a 17:00 y, a las 13:00, hace un receso de media hora para la carga de datos.<\/p>\n\n\n\n<p>Imagen de portada solo a modo ilustrativo.<\/p>\n","protected":false},"excerpt":{"rendered":"<p>Hoy inici\u00f3 este operativo, con la inoculaci\u00f3n de 640 personas que ten\u00edan primer componente de Sputnik y reciben la vacuna&hellip;<\/p>\n","protected":false},"author":3,"featured_media":13300,"comment_status":"closed","ping_status":"open","sticky":false,"template":"","format":"standard","meta":{"footnotes":""},"categories":[9],"tags":[66,67,836,1149,1108,1152,1177,572,705,706,790,1219],"class_list":["post-13299","post","type-post","status-publish","format-standard","has-post-thumbnail","hentry","category-infosalud","tag-arroyito","tag-arroyito-cordoba","tag-arroyito-online","tag-centro-de-emergencias-de-arroyito","tag-coronavirus","tag-covid-19","tag-hospital-municipal-carlos-j-rodriguez","tag-noticias-de-arroyito-y-zona","tag-salon-parroquial","tag-salud","tag-vacunacion","tag-vacunacion-covid-19"],"_links":{"self":[{"href":"https:\/\/arroyitoonline.com.ar\/index.php?rest_route=\/wp\/v2\/posts\/13299","targetHints":{"allow":["GET"]}}],"collection":[{"href":"https:\/\/arroyitoonline.com.ar\/index.php?rest_route=\/wp\/v2\/posts"}],"about":[{"href":"https:\/\/arroyitoonline.com.ar\/index.php?rest_route=\/wp\/v2\/types\/post"}],"author":[{"embeddable":true,"href":"https:\/\/arroyitoonline.com.ar\/index.php?rest_route=\/wp\/v2\/users\/3"}],"replies":[{"embeddable":true,"href":"https:\/\/arroyitoonline.com.ar\/index.php?rest_route=%2Fwp%2Fv2%2Fcomments&post=13299"}],"version-history":[{"count":1,"href":"https:\/\/arroyitoonline.com.ar\/index.php?rest_route=\/wp\/v2\/posts\/13299\/revisions"}],"predecessor-version":[{"id":13301,"href":"https:\/\/arroyitoonline.com.ar\/index.php?rest_route=\/wp\/v2\/posts\/13299\/revisions\/13301"}],"wp:featuredmedia":[{"embeddable":true,"href":"https:\/\/arroyitoonline.com.ar\/index.php?rest_route=\/wp\/v2\/media\/13300"}],"wp:attachment":[{"href":"https:\/\/arroyitoonline.com.ar\/index.php?rest_route=%2Fwp%2Fv2%2Fmedia&parent=13299"}],"wp:term":[{"taxonomy":"category","embeddable":true,"href":"https:\/\/arroyitoonline.com.ar\/index.php?rest_route=%2Fwp%2Fv2%2Fcategories&post=13299"},{"taxonomy":"post_tag","embeddable":true,"href":"https:\/\/arroyitoonline.com.ar\/index.php?rest_route=%2Fwp%2Fv2%2Ftags&post=13299"}],"curies":[{"name":"wp","href":"https:\/\/api.w.org\/{rel}","templated":true}]}}