{"id":13302,"date":"2021-08-09T20:40:08","date_gmt":"2021-08-09T20:40:08","guid":{"rendered":"https:\/\/arroyitoonline.com.ar\/?p=13302"},"modified":"2021-08-09T20:47:23","modified_gmt":"2021-08-09T20:47:23","slug":"se-viene-la-charla-gratuita-lactancia-materna-y-cuidados-postparto","status":"publish","type":"post","link":"https:\/\/arroyitoonline.com.ar\/?p=13302","title":{"rendered":"Se viene la charla gratuita \u201cLactancia Materna y Cuidados Postparto\u201d"},"content":{"rendered":"\n<p><strong>Est\u00e1 organizada por el hospital municipal, con motivo de la Semana Mundial de la Lactancia Materna 2021.<\/strong><\/p>\n\n\n\n<p>Con motivo de la Semana Mundial de la Lactancia Materna 2021, el Hospital Municipal de Autogesti\u00f3n Carlos J. Rodr\u00edguez ha planificado la charla gratuita \u201cLactancia Materna y Cuidados Postparto\u201d, dictada por los m\u00e9dicos ginec\u00f3logos Cers\u00f3simo y S\u00e1nchez.. El evento est\u00e1 programado para el mi\u00e9rcoles 11 de agosto, a las 10:00 horas, en el Hall Central del nosocomio.<\/p>\n\n\n\n<p>Desde el \u00c1rea de Pediatr\u00eda y Obstetricia del Hospital han remarcado los objetivos de este a\u00f1o, que consisten en:<br>\u2022 Informar a las personas sobre la importancia de proteger la lactancia materna.<br>\u2022 Anclar el apoyo a la lactancia materna como una responsabilidad vital de salud p\u00fablica.<br>\u2022 Interactuar con individuos y organizaciones para un mayor impacto.<br>\u2022 Impulsar la acci\u00f3n en la protecci\u00f3n de la lactancia materna para mejorar la salud p\u00fablica.<br>\u2022 Proteger la lactancia materna como responsabilidad compartida.<\/p>\n\n\n\n<figure class=\"wp-block-image size-large\"><img loading=\"lazy\" decoding=\"async\" width=\"1024\" height=\"1024\" src=\"https:\/\/arroyitoonline.com.ar\/wp-content\/uploads\/2021\/08\/lactancia-materna-1024x1024.jpeg\" alt=\"\" class=\"wp-image-13303\" srcset=\"https:\/\/arroyitoonline.com.ar\/wp-content\/uploads\/2021\/08\/lactancia-materna-1024x1024.jpeg 1024w, https:\/\/arroyitoonline.com.ar\/wp-content\/uploads\/2021\/08\/lactancia-materna-300x300.jpeg 300w, https:\/\/arroyitoonline.com.ar\/wp-content\/uploads\/2021\/08\/lactancia-materna-150x150.jpeg 150w, https:\/\/arroyitoonline.com.ar\/wp-content\/uploads\/2021\/08\/lactancia-materna-768x768.jpeg 768w, https:\/\/arroyitoonline.com.ar\/wp-content\/uploads\/2021\/08\/lactancia-materna.jpeg 1280w\" sizes=\"auto, (max-width: 1024px) 100vw, 1024px\" \/><figcaption><em>En el marco de la Semana Mundial de la Lactancia Materna 2021.<\/em><\/figcaption><\/figure>\n\n\n\n<p>El embarazo y la lactancia son momentos vulnerables para las mujeres trabajadoras y sus familias. Las mujeres embarazadas y lactantes requieren protecci\u00f3n especial para la prevenci\u00f3n de da\u00f1os a su salud o a la de sus beb\u00e9s y necesitan tiempo suficiente para atravesar el parto o la ces\u00e1rea, recuperarse y amamantar a sus hijos.<\/p>\n\n\n\n<p>Al mismo tiempo, necesitan protecci\u00f3n para garantizar que sus puestos de trabajo no se vean amenazados por el embarazo o la licencia por maternidad.<\/p>\n","protected":false},"excerpt":{"rendered":"<p>Est\u00e1 organizada por el hospital municipal, con motivo de la Semana Mundial de la Lactancia Materna 2021. Con motivo de&hellip;<\/p>\n","protected":false},"author":3,"featured_media":13304,"comment_status":"closed","ping_status":"open","sticky":false,"template":"","format":"standard","meta":{"footnotes":""},"categories":[5],"tags":[66,67,836,426,1177,1056,1255,550,551,572,706],"class_list":["post-13302","post","type-post","status-publish","format-standard","has-post-thumbnail","hentry","category-infomujer","tag-arroyito","tag-arroyito-cordoba","tag-arroyito-online","tag-hospital","tag-hospital-municipal-carlos-j-rodriguez","tag-infomujer-online","tag-lactancia-materna","tag-mujeres","tag-mujeres-arroyito","tag-noticias-de-arroyito-y-zona","tag-salud"],"_links":{"self":[{"href":"https:\/\/arroyitoonline.com.ar\/index.php?rest_route=\/wp\/v2\/posts\/13302","targetHints":{"allow":["GET"]}}],"collection":[{"href":"https:\/\/arroyitoonline.com.ar\/index.php?rest_route=\/wp\/v2\/posts"}],"about":[{"href":"https:\/\/arroyitoonline.com.ar\/index.php?rest_route=\/wp\/v2\/types\/post"}],"author":[{"embeddable":true,"href":"https:\/\/arroyitoonline.com.ar\/index.php?rest_route=\/wp\/v2\/users\/3"}],"replies":[{"embeddable":true,"href":"https:\/\/arroyitoonline.com.ar\/index.php?rest_route=%2Fwp%2Fv2%2Fcomments&post=13302"}],"version-history":[{"count":2,"href":"https:\/\/arroyitoonline.com.ar\/index.php?rest_route=\/wp\/v2\/posts\/13302\/revisions"}],"predecessor-version":[{"id":13306,"href":"https:\/\/arroyitoonline.com.ar\/index.php?rest_route=\/wp\/v2\/posts\/13302\/revisions\/13306"}],"wp:featuredmedia":[{"embeddable":true,"href":"https:\/\/arroyitoonline.com.ar\/index.php?rest_route=\/wp\/v2\/media\/13304"}],"wp:attachment":[{"href":"https:\/\/arroyitoonline.com.ar\/index.php?rest_route=%2Fwp%2Fv2%2Fmedia&parent=13302"}],"wp:term":[{"taxonomy":"category","embeddable":true,"href":"https:\/\/arroyitoonline.com.ar\/index.php?rest_route=%2Fwp%2Fv2%2Fcategories&post=13302"},{"taxonomy":"post_tag","embeddable":true,"href":"https:\/\/arroyitoonline.com.ar\/index.php?rest_route=%2Fwp%2Fv2%2Ftags&post=13302"}],"curies":[{"name":"wp","href":"https:\/\/api.w.org\/{rel}","templated":true}]}}