{"id":13310,"date":"2021-08-10T13:11:28","date_gmt":"2021-08-10T13:11:28","guid":{"rendered":"https:\/\/arroyitoonline.com.ar\/?p=13310"},"modified":"2021-08-10T13:25:17","modified_gmt":"2021-08-10T13:25:17","slug":"repudian-actos-de-vandalismo-en-la-plaza-andresito-gil","status":"publish","type":"post","link":"https:\/\/arroyitoonline.com.ar\/?p=13310","title":{"rendered":"Repudian actos de vandalismo en la Plaza Andresito Gil"},"content":{"rendered":"\n<p><strong>Desde el Gobierno Municipal solicitan a los vecinos que si detectan estos hechos, den aviso a la Polic\u00eda. <\/strong><\/p>\n\n\n\n<p><strong>El \u00e1rea de Servicios P\u00fablicos del Gobierno Municipal rechaza y repudia los actos de vandalismo cometidos <strong>durante el fin de semana pasado<\/strong><\/strong>, <strong>en la Plaza Andresito Gil.<\/strong><\/p>\n\n\n\n<p>Es importante resaltar que, d\u00edas pasados, el Municipio empez\u00f3 una renovaci\u00f3n en ese espacio com\u00fan, sum\u00e1ndolo al proyecto de \u201cPlazas Seguras\u201d que desarrolla con la Fundaci\u00f3n Infancia Segura.<\/p>\n\n\n\n<p>Por su parte, la artista pl\u00e1stica y profesora de la Casa de la Cultura, Nina Moya, se encontraba restaurando los muros intervenidos con la t\u00e9cnica de mosaiquismo que se encuentran en la plaza, los cuales fueron da\u00f1ados y rayados por v\u00e1ndalos.<\/p>\n\n\n\n<div class=\"wp-block-image\"><figure class=\"aligncenter size-large\"><img loading=\"lazy\" decoding=\"async\" width=\"1024\" height=\"768\" src=\"https:\/\/arroyitoonline.com.ar\/wp-content\/uploads\/2021\/08\/vandalismo-.jpg\" alt=\"\" class=\"wp-image-13312\" srcset=\"https:\/\/arroyitoonline.com.ar\/wp-content\/uploads\/2021\/08\/vandalismo-.jpg 1024w, https:\/\/arroyitoonline.com.ar\/wp-content\/uploads\/2021\/08\/vandalismo--300x225.jpg 300w, https:\/\/arroyitoonline.com.ar\/wp-content\/uploads\/2021\/08\/vandalismo--768x576.jpg 768w\" sizes=\"auto, (max-width: 1024px) 100vw, 1024px\" \/><figcaption><em>D\u00edas pasados, el mural hab\u00eda sido restaurado por su autora, Nina Moya.<\/em><\/figcaption><\/figure><\/div>\n\n\n\n<p>El Municipio rechaza <em>&#8220;de manera total estos actos, que atentan contra el patrimonio de todos los vecinos de Arroyito&#8221;<\/em> y les solicita que, si alguno detecta estos hechos, d\u00e9 aviso a la Polic\u00eda, <\/p>\n\n\n\n<p>Entre todos cuidemos lo nuestro.<\/p>\n","protected":false},"excerpt":{"rendered":"<p>Desde el Gobierno Municipal solicitan a los vecinos que si detectan estos hechos, den aviso a la Polic\u00eda. El \u00e1rea&hellip;<\/p>\n","protected":false},"author":3,"featured_media":13311,"comment_status":"closed","ping_status":"open","sticky":false,"template":"","format":"standard","meta":{"footnotes":""},"categories":[900],"tags":[66,67,836,1102,572,1256,630,732,916],"class_list":["post-13310","post","type-post","status-publish","format-standard","has-post-thumbnail","hentry","category-noticias","tag-arroyito","tag-arroyito-cordoba","tag-arroyito-online","tag-gobierno-municipal","tag-noticias-de-arroyito-y-zona","tag-plaza-andresito-gil","tag-plazas","tag-servicios-publicos","tag-vandalismo"],"_links":{"self":[{"href":"https:\/\/arroyitoonline.com.ar\/index.php?rest_route=\/wp\/v2\/posts\/13310","targetHints":{"allow":["GET"]}}],"collection":[{"href":"https:\/\/arroyitoonline.com.ar\/index.php?rest_route=\/wp\/v2\/posts"}],"about":[{"href":"https:\/\/arroyitoonline.com.ar\/index.php?rest_route=\/wp\/v2\/types\/post"}],"author":[{"embeddable":true,"href":"https:\/\/arroyitoonline.com.ar\/index.php?rest_route=\/wp\/v2\/users\/3"}],"replies":[{"embeddable":true,"href":"https:\/\/arroyitoonline.com.ar\/index.php?rest_route=%2Fwp%2Fv2%2Fcomments&post=13310"}],"version-history":[{"count":2,"href":"https:\/\/arroyitoonline.com.ar\/index.php?rest_route=\/wp\/v2\/posts\/13310\/revisions"}],"predecessor-version":[{"id":13314,"href":"https:\/\/arroyitoonline.com.ar\/index.php?rest_route=\/wp\/v2\/posts\/13310\/revisions\/13314"}],"wp:featuredmedia":[{"embeddable":true,"href":"https:\/\/arroyitoonline.com.ar\/index.php?rest_route=\/wp\/v2\/media\/13311"}],"wp:attachment":[{"href":"https:\/\/arroyitoonline.com.ar\/index.php?rest_route=%2Fwp%2Fv2%2Fmedia&parent=13310"}],"wp:term":[{"taxonomy":"category","embeddable":true,"href":"https:\/\/arroyitoonline.com.ar\/index.php?rest_route=%2Fwp%2Fv2%2Fcategories&post=13310"},{"taxonomy":"post_tag","embeddable":true,"href":"https:\/\/arroyitoonline.com.ar\/index.php?rest_route=%2Fwp%2Fv2%2Ftags&post=13310"}],"curies":[{"name":"wp","href":"https:\/\/api.w.org\/{rel}","templated":true}]}}