{"id":13342,"date":"2021-08-13T23:13:54","date_gmt":"2021-08-13T23:13:54","guid":{"rendered":"https:\/\/arroyitoonline.com.ar\/?p=13342"},"modified":"2021-08-13T23:14:58","modified_gmt":"2021-08-13T23:14:58","slug":"el-vicegobernador-calvo-estuvo-en-arroyito-y-entrego-aportes-por-mas-de-6-millones","status":"publish","type":"post","link":"https:\/\/arroyitoonline.com.ar\/?p=13342","title":{"rendered":"El vicegobernador Calvo estuvo en Arroyito y entreg\u00f3 aportes por m\u00e1s de $6 millones"},"content":{"rendered":"\n<p><strong>Ser\u00e1n destinados a la compra de tubos para la ejecuci\u00f3n de desag\u00fces y la adquisici\u00f3n de maquinarias.<\/strong><\/p>\n\n\n\n<p>Ayer jueves 12 de agosto, en el Auditorio Coral, <strong>el intendente Gustavo Benedetti recibi\u00f3, en Arroyito, al vicegobernador de C\u00f3rdoba Manuel Calvo.<\/strong><\/p>\n\n\n\n<p>En su visita a nuestra ciudad, el funcionario trajo <strong>aportes econ\u00f3micos por m\u00e1s de seis millones de pesos<\/strong>, correspondientes al Fondo Permanente y Fondo de Obra, que ser\u00e1n <strong>destinados a la compra de tubos para la ejecuci\u00f3n de desag\u00fces y la adquisici\u00f3n de maquinarias.<\/strong><\/p>\n\n\n\n<p><strong>En total, el municipio invertir\u00e1 unos 20 millones de pesos en estos dos \u00edtems, durante los pr\u00f3ximos meses.<\/strong><br><br>Adem\u00e1s, el Club de Caza y Pesca Arroyito, representado por su presidente, Miguel Boetto, recibi\u00f3 un subsidio de $50.000, que el Gobierno Municipal gestion\u00f3 ante la Provincia. El dinero ser\u00e1 utilizado para la realizaci\u00f3n de reformas edilicias. <\/p>\n\n\n\n<p>En el encuentro , Benedetti agradeci\u00f3 la visita de Calvo, destacando la siempre buena predisposici\u00f3n que tiene con Arroyito agradeciendo los fondos que se env\u00edan, para seguir avanzando con el progreso de la comunidad.<\/p>\n\n\n\n<p><strong>Por su parte, el vicegobernador afirm\u00f3 que la ciudad cuenta siempre con el apoyo del gobierno provincial.\u00a0<\/strong>En su discurso tuvo palabras de especial agradecimiento para todos el equipo de salud de la provincia, sobre todo para los del departamento San Justo, que est\u00e1n en los frentes de batalla cuid\u00e1ndonos. Concluyendo, la segunda m\u00e1xima autoridad cordobesa expres\u00f3 que <em>&#8220;de esta pandemia vamos a salir todos juntos&#8221;<\/em>.<\/p>\n","protected":false},"excerpt":{"rendered":"<p>Ser\u00e1n destinados a la compra de tubos para la ejecuci\u00f3n de desag\u00fces y la adquisici\u00f3n de maquinarias. Ayer jueves 12&hellip;<\/p>\n","protected":false},"author":3,"featured_media":13343,"comment_status":"closed","ping_status":"open","sticky":false,"template":"","format":"standard","meta":{"footnotes":""},"categories":[900],"tags":[66,67,836,404,405,1102,968,1018,572,577,578,842],"class_list":["post-13342","post","type-post","status-publish","format-standard","has-post-thumbnail","hentry","category-noticias","tag-arroyito","tag-arroyito-cordoba","tag-arroyito-online","tag-gobierno-de-cordoba","tag-gobierno-de-la-provincia","tag-gobierno-municipal","tag-gustavo-benedetti","tag-manuel-calvo","tag-noticias-de-arroyito-y-zona","tag-obras-hidricas","tag-obras-publicas","tag-vicegobernador"],"_links":{"self":[{"href":"https:\/\/arroyitoonline.com.ar\/index.php?rest_route=\/wp\/v2\/posts\/13342","targetHints":{"allow":["GET"]}}],"collection":[{"href":"https:\/\/arroyitoonline.com.ar\/index.php?rest_route=\/wp\/v2\/posts"}],"about":[{"href":"https:\/\/arroyitoonline.com.ar\/index.php?rest_route=\/wp\/v2\/types\/post"}],"author":[{"embeddable":true,"href":"https:\/\/arroyitoonline.com.ar\/index.php?rest_route=\/wp\/v2\/users\/3"}],"replies":[{"embeddable":true,"href":"https:\/\/arroyitoonline.com.ar\/index.php?rest_route=%2Fwp%2Fv2%2Fcomments&post=13342"}],"version-history":[{"count":2,"href":"https:\/\/arroyitoonline.com.ar\/index.php?rest_route=\/wp\/v2\/posts\/13342\/revisions"}],"predecessor-version":[{"id":13345,"href":"https:\/\/arroyitoonline.com.ar\/index.php?rest_route=\/wp\/v2\/posts\/13342\/revisions\/13345"}],"wp:featuredmedia":[{"embeddable":true,"href":"https:\/\/arroyitoonline.com.ar\/index.php?rest_route=\/wp\/v2\/media\/13343"}],"wp:attachment":[{"href":"https:\/\/arroyitoonline.com.ar\/index.php?rest_route=%2Fwp%2Fv2%2Fmedia&parent=13342"}],"wp:term":[{"taxonomy":"category","embeddable":true,"href":"https:\/\/arroyitoonline.com.ar\/index.php?rest_route=%2Fwp%2Fv2%2Fcategories&post=13342"},{"taxonomy":"post_tag","embeddable":true,"href":"https:\/\/arroyitoonline.com.ar\/index.php?rest_route=%2Fwp%2Fv2%2Ftags&post=13342"}],"curies":[{"name":"wp","href":"https:\/\/api.w.org\/{rel}","templated":true}]}}