{"id":13402,"date":"2021-08-24T20:57:01","date_gmt":"2021-08-24T20:57:01","guid":{"rendered":"https:\/\/arroyitoonline.com.ar\/?p=13402"},"modified":"2021-08-24T20:57:47","modified_gmt":"2021-08-24T20:57:47","slug":"jesus-fernando-videla-recibio-un-merecido-homenaje-por-parte-de-la-liga-regional-san-francisco","status":"publish","type":"post","link":"https:\/\/arroyitoonline.com.ar\/?p=13402","title":{"rendered":"Jes\u00fas Fernando Videla recibi\u00f3 un merecido homenaje por parte de la Liga Regional San Francisco"},"content":{"rendered":"\n<p><strong>El Torneo 2021 lleva su nombre, <em>&#8220;por su dedicaci\u00f3n, compromiso, respeto y pasi\u00f3n por nuestro deporte&#8221;<\/em>.<\/strong><\/p>\n\n\n\n<p><strong>Jes\u00fas Fernando Videla<\/strong>, periodista deportivo y director del medio de comunicaci\u00f3n Arroyito Ciudad, <a href=\"https:\/\/arroyitoonline.com.ar\/noticias\/profundo-pesar-fallecio-fernando-videla-que-habia-sido-internado-por-covid-19\/\">falleci\u00f3 por complicaciones del Covid-19<\/a>, el 17 de abril pasado, a los 61 a\u00f1os.<\/p>\n\n\n\n<p>El domingo 22, en la vuelta del f\u00fatbol regional tras las restricciones por la pandemia coronavirus, se oficializ\u00f3 la decisi\u00f3n de la Liga Regional San Francisco, en representaci\u00f3n de todas las instituciones deportivas que la integran, de <a href=\"https:\/\/arroyitoonline.com.ar\/info-online\/infodeporte\/futbol-buscan-que-los-torneos-de-la-liga-regional-san-francisco-se-llamen-jesus-fernando-videla\/\" target=\"_blank\" rel=\"noreferrer noopener\">nombrar al torneo 2021 como Jes\u00fas Fernando Videla<\/a>.<\/p>\n\n\n\n<p>Antes del partido que enfrent\u00f3 al Cultural de Arroyito con el Club Atl\u00e9tico Pueblos Unidos de La Tordilla, la familia del cronista recibi\u00f3 certificados y una camiseta, <em>&#8220;por su dedicaci\u00f3n, compromiso, respeto y pasi\u00f3n por nuestro deporte&#8221;<\/em>.<\/p>\n\n\n\n<figure><iframe loading=\"lazy\" src=\"https:\/\/www.facebook.com\/plugins\/post.php?href=https%3A%2F%2Fwww.facebook.com%2Farroyitoonlineoficial%2Fposts%2F3114534888774391&amp;show_text=true&amp;width=500\" width=\"500\" height=\"778\" allowfullscreen=\"true\"><\/iframe><\/figure>\n\n\n\n<p>En el reconocimiento tambi\u00e9n expresaron que<em> &#8220;lo recordaremos siempre&#8221;<\/em>. Al homenaje adem\u00e1s, se sumaron autoridades municipales, a trav\u00e9s de la Direcci\u00f3n de Deportes.<\/p>\n\n\n\n<p>Merecido y justo recuerdo, para el mejor embajador que ha tenido el f\u00fatbol de nuestra regi\u00f3n. <\/p>\n\n\n\n<p>Foto gentileza Yony Torres.<\/p>\n","protected":false},"excerpt":{"rendered":"<p>El Torneo 2021 lleva su nombre, &#8220;por su dedicaci\u00f3n, compromiso, respeto y pasi\u00f3n por nuestro deporte&#8221;. Jes\u00fas Fernando Videla, periodista&hellip;<\/p>\n","protected":false},"author":3,"featured_media":13403,"comment_status":"closed","ping_status":"open","sticky":false,"template":"","format":"standard","meta":{"footnotes":""},"categories":[3],"tags":[66,67,836,276,1263,393,423,498,572],"class_list":["post-13402","post","type-post","status-publish","format-standard","has-post-thumbnail","hentry","category-infodeporte","tag-arroyito","tag-arroyito-cordoba","tag-arroyito-online","tag-deporte","tag-fernando-videla","tag-futbol","tag-homenaje","tag-liga-regional-de-futbol-de-san-francisco","tag-noticias-de-arroyito-y-zona"],"_links":{"self":[{"href":"https:\/\/arroyitoonline.com.ar\/index.php?rest_route=\/wp\/v2\/posts\/13402","targetHints":{"allow":["GET"]}}],"collection":[{"href":"https:\/\/arroyitoonline.com.ar\/index.php?rest_route=\/wp\/v2\/posts"}],"about":[{"href":"https:\/\/arroyitoonline.com.ar\/index.php?rest_route=\/wp\/v2\/types\/post"}],"author":[{"embeddable":true,"href":"https:\/\/arroyitoonline.com.ar\/index.php?rest_route=\/wp\/v2\/users\/3"}],"replies":[{"embeddable":true,"href":"https:\/\/arroyitoonline.com.ar\/index.php?rest_route=%2Fwp%2Fv2%2Fcomments&post=13402"}],"version-history":[{"count":1,"href":"https:\/\/arroyitoonline.com.ar\/index.php?rest_route=\/wp\/v2\/posts\/13402\/revisions"}],"predecessor-version":[{"id":13404,"href":"https:\/\/arroyitoonline.com.ar\/index.php?rest_route=\/wp\/v2\/posts\/13402\/revisions\/13404"}],"wp:featuredmedia":[{"embeddable":true,"href":"https:\/\/arroyitoonline.com.ar\/index.php?rest_route=\/wp\/v2\/media\/13403"}],"wp:attachment":[{"href":"https:\/\/arroyitoonline.com.ar\/index.php?rest_route=%2Fwp%2Fv2%2Fmedia&parent=13402"}],"wp:term":[{"taxonomy":"category","embeddable":true,"href":"https:\/\/arroyitoonline.com.ar\/index.php?rest_route=%2Fwp%2Fv2%2Fcategories&post=13402"},{"taxonomy":"post_tag","embeddable":true,"href":"https:\/\/arroyitoonline.com.ar\/index.php?rest_route=%2Fwp%2Fv2%2Ftags&post=13402"}],"curies":[{"name":"wp","href":"https:\/\/api.w.org\/{rel}","templated":true}]}}