{"id":13409,"date":"2021-08-26T20:59:15","date_gmt":"2021-08-26T20:59:15","guid":{"rendered":"https:\/\/arroyitoonline.com.ar\/?p=13409"},"modified":"2021-08-26T20:59:18","modified_gmt":"2021-08-26T20:59:18","slug":"covid-19-se-inicio-un-nuevo-operativo-de-vacunacion-2","status":"publish","type":"post","link":"https:\/\/arroyitoonline.com.ar\/?p=13409","title":{"rendered":"Covid-19: se inici\u00f3 un nuevo operativo de vacunaci\u00f3n"},"content":{"rendered":"\n<p><strong>Arribaron 322 segundas dosis de vacunas <strong>Moderna (combinada)<\/strong> y llegar\u00e1n 321<strong> segundos componentes de AstraZeneca<\/strong>.<\/strong><\/p>\n\n\n\n<p>El \u00e1rea de Inmunizaci\u00f3n del Hospital Municipal de Autogesti\u00f3n Carlos J. Rodr\u00edguez recibi\u00f3, hoy jueves 26 de agosto, <strong>322 segundas dosis de vacunas Moderna (combinada)<\/strong>\u00a0y, este viernes 27, arribar\u00e1n<strong> 321 segundos componentes de AstraZeneca<\/strong>.<\/p>\n\n\n\n<p>El horario de atenci\u00f3n es de 8:00 a 17:00 en el Sal\u00f3n Parroquial. Por su parte, a las 13:00 se cierra el vacunatorio por el lapso de media hora para la carga de datos.&nbsp;<\/p>\n\n\n\n<p>Adem\u00e1s, <strong>en este momento no hay disponibilidad de dosis para la inoculaci\u00f3n espont\u00e1nea<\/strong>, por eso se solicita a todos los vecinos que a\u00fan no recibieron ninguna vacuna, que se inscriban en la web\u00a0<a href=\"https:\/\/vacunacioncovid19.cba.gov.ar\/?fbclid=IwAR29uuGIpLWhiZSeZ2xvVxvLXz7508uZkKrAiMZtOBaeNz7n-vOF6KCTzas\" rel=\"noreferrer noopener\" target=\"_blank\">https:\/\/vacunacioncovid19.cba.gov.ar\/<\/a>\u00a0o v\u00eda CiDi.<\/p>\n\n\n\n<p>Del mismo modo, se informa que, por una cuesti\u00f3n de log\u00edstica, las personas deben asistir el d\u00eda que Ciudadano Digital los notifica y, salvo escasas excepciones, se les permitir\u00e1 llegarse en jornadas posteriores al llamado. En caso de no poder presentarse al turno por motivo de fuerza mayor, deben acercarse al vacunatorio y justificar la inasistencia.<\/p>\n","protected":false},"excerpt":{"rendered":"<p>Arribaron 322 segundas dosis de vacunas Moderna (combinada) y llegar\u00e1n 321 segundos componentes de AstraZeneca. El \u00e1rea de Inmunizaci\u00f3n del&hellip;<\/p>\n","protected":false},"author":3,"featured_media":13410,"comment_status":"closed","ping_status":"open","sticky":false,"template":"","format":"standard","meta":{"footnotes":""},"categories":[9],"tags":[66,67,836,1268,1143,1108,1152,1267,572,705,706,790,1219],"class_list":["post-13409","post","type-post","status-publish","format-standard","has-post-thumbnail","hentry","category-infosalud","tag-arroyito","tag-arroyito-cordoba","tag-arroyito-online","tag-astrazeneca","tag-barbijo","tag-coronavirus","tag-covid-19","tag-moderna","tag-noticias-de-arroyito-y-zona","tag-salon-parroquial","tag-salud","tag-vacunacion","tag-vacunacion-covid-19"],"_links":{"self":[{"href":"https:\/\/arroyitoonline.com.ar\/index.php?rest_route=\/wp\/v2\/posts\/13409","targetHints":{"allow":["GET"]}}],"collection":[{"href":"https:\/\/arroyitoonline.com.ar\/index.php?rest_route=\/wp\/v2\/posts"}],"about":[{"href":"https:\/\/arroyitoonline.com.ar\/index.php?rest_route=\/wp\/v2\/types\/post"}],"author":[{"embeddable":true,"href":"https:\/\/arroyitoonline.com.ar\/index.php?rest_route=\/wp\/v2\/users\/3"}],"replies":[{"embeddable":true,"href":"https:\/\/arroyitoonline.com.ar\/index.php?rest_route=%2Fwp%2Fv2%2Fcomments&post=13409"}],"version-history":[{"count":1,"href":"https:\/\/arroyitoonline.com.ar\/index.php?rest_route=\/wp\/v2\/posts\/13409\/revisions"}],"predecessor-version":[{"id":13411,"href":"https:\/\/arroyitoonline.com.ar\/index.php?rest_route=\/wp\/v2\/posts\/13409\/revisions\/13411"}],"wp:featuredmedia":[{"embeddable":true,"href":"https:\/\/arroyitoonline.com.ar\/index.php?rest_route=\/wp\/v2\/media\/13410"}],"wp:attachment":[{"href":"https:\/\/arroyitoonline.com.ar\/index.php?rest_route=%2Fwp%2Fv2%2Fmedia&parent=13409"}],"wp:term":[{"taxonomy":"category","embeddable":true,"href":"https:\/\/arroyitoonline.com.ar\/index.php?rest_route=%2Fwp%2Fv2%2Fcategories&post=13409"},{"taxonomy":"post_tag","embeddable":true,"href":"https:\/\/arroyitoonline.com.ar\/index.php?rest_route=%2Fwp%2Fv2%2Ftags&post=13409"}],"curies":[{"name":"wp","href":"https:\/\/api.w.org\/{rel}","templated":true}]}}