{"id":13412,"date":"2021-08-26T21:16:20","date_gmt":"2021-08-26T21:16:20","guid":{"rendered":"https:\/\/arroyitoonline.com.ar\/?p=13412"},"modified":"2021-08-26T21:16:23","modified_gmt":"2021-08-26T21:16:23","slug":"todavia-podes-participar-del-gran-sorteo-por-el-mes-de-las-infancias","status":"publish","type":"post","link":"https:\/\/arroyitoonline.com.ar\/?p=13412","title":{"rendered":"Todav\u00eda pod\u00e9s participar del Gran Sorteo por el Mes de las Infancias"},"content":{"rendered":"\n<p><strong>Ten\u00e9s tiempo de acercar tu dibujo <strong>a buzones de las escuelas y dependencias municipales<\/strong><\/strong>,<strong> hasta el viernes 27 de agosto a las 17:00.<\/strong><\/p>\n\n\n\n<p>Este <strong>domingo 29<\/strong>, el Gobierno Municipal realizar\u00e1 el <strong>gran sorteo por el <em>\u201cMes de las Infancias\u201d<\/em><\/strong>. Ser\u00e1 en el <strong>predio lateral del edificio municipal, desde las 10:00 de la ma\u00f1ana<\/strong> y se trasmitir\u00e1 en vivo por las redes sociales oficiales, Canal 3 y medios de comunicaci\u00f3n locales. A medida que vayan saliendo los ganadores podr\u00e1n pasar a retirar sus premios.<\/p>\n\n\n\n<p><strong>Para ingresar en el sorteo, los ni\u00f1os deben realizar dibujos con la tem\u00e1tica <em>\u201cTu lugar preferido de Arroyito\u201d<\/em>.<\/strong>\u00a0El objetivo es que todos puedan participar, por lo que el municipio coloc\u00f3 buzones en todas las escuelas. Los chicos tienen tiempo de acercar sus dibujos hasta el viernes 27 de agosto a las 17:00.<\/p>\n\n\n\n<figure class=\"wp-block-embed-youtube aligncenter wp-block-embed is-type-video is-provider-youtube wp-embed-aspect-16-9 wp-has-aspect-ratio\"><div class=\"wp-block-embed__wrapper\">\n<div class=\"epyt-video-wrapper\"><iframe loading=\"lazy\"  style=\"display: block; margin: 0px auto;\"  id=\"_ytid_98682\"  width=\"1140\" height=\"641\"  data-origwidth=\"1140\" data-origheight=\"641\" src=\"https:\/\/www.youtube.com\/embed\/NE9si17op4Q?enablejsapi=1&#038;autoplay=0&#038;cc_load_policy=1&#038;cc_lang_pref=&#038;iv_load_policy=3&#038;loop=0&#038;rel=1&#038;fs=1&#038;playsinline=0&#038;autohide=2&#038;theme=dark&#038;color=red&#038;controls=1&#038;disablekb=0&#038;\" class=\"__youtube_prefs__  epyt-is-override  no-lazyload\" title=\"YouTube player\"  allow=\"fullscreen; accelerometer; autoplay; clipboard-write; encrypted-media; gyroscope; picture-in-picture; web-share\" referrerpolicy=\"strict-origin-when-cross-origin\" allowfullscreen data-no-lazy=\"1\" data-skipgform_ajax_framebjll=\"\"><\/iframe><\/div>\n<\/div><\/figure>\n\n\n\n<p>\u2022 La recolecci\u00f3n de dibujos se har\u00e1 del 9 al 27 de agosto de 2021.<br>\u2022 Los participantes podr\u00e1n ser ni\u00f1os y ni\u00f1as de hasta 12 a\u00f1os.<br>\u2022 Todos los dibujos deber\u00e1n ser depositados en buzones ubicados en los siguientes puntos oficiales:<br>Escuelas Primarias: Jos\u00e9 Mar\u00eda Paz, Manuel Belgrano, Hermanas Mercedarias, Mar\u00eda T. Navarro, V\u00e9lez Sarsfield, Claudio C. Ju\u00e1rez , Jos\u00e9 G. Lagos.<br>Jardines: Jos\u00e9 M Paz, Leopoldo Lugones, Fulvio Salvador Pagani, V\u00e9lez Sarsfield, Carlos Leguizam\u00f3n, Santa Mar\u00eda de Cervell\u00f3n.<br>El Fuertecito (jard\u00edn y primaria), El Descanso (jard\u00edn y primaria), La Curva (jard\u00edn y primaria), Arroyo los Leones.<br>Dependencias Municipales: Polideportivo, Casa de la Cultura, Registro Civil, Postas Sanitarias: Norte y Sur, Postas Sanitaras: La Curva y El Fuertecito, Centros de Apoyo al Ni\u00f1o y la Familia \u201cVirgen Ni\u00f1a\u201d, Prenaf, Oficina de Empleo, Municipalidad, Centros Vecinales.<br>\u2022 S\u00f3lo se admitir\u00e1 un dibujo por ni\u00f1o. T\u00e9cnica libre. Tem\u00e1tica:<em> \u201cTu lugar preferido en Arroyito\u201d<\/em>.<br>\u2022 Los dibujos estar\u00e1n identificados con: nombre y apellido de ni\u00f1o o ni\u00f1a \/ nombre y apellido de adulto responsable \/ DNI \/ Edad \/ Direcci\u00f3n \/ Tel\u00e9fono (Estos datos se utilizar\u00e1n a los \u00fanicos efectos de localizar a los ganadores).<br>\u2022 Los dibujos ser\u00e1n expuestos en dependencias municipales y en redes sociales del Municipio durante todo el mes de septiembre.<br>\u00a1<strong>No te pierdas este S\u00faper Sorteo!<\/strong><\/p>\n","protected":false},"excerpt":{"rendered":"<p>Ten\u00e9s tiempo de acercar tu dibujo a buzones de las escuelas y dependencias municipales, hasta el viernes 27 de agosto&hellip;<\/p>\n","protected":false},"author":3,"featured_media":13413,"comment_status":"closed","ping_status":"open","sticky":false,"template":"","format":"standard","meta":{"footnotes":""},"categories":[962],"tags":[66,67,836,170,348,1102,570,572],"class_list":["post-13412","post","type-post","status-publish","format-standard","has-post-thumbnail","hentry","category-ninez-y-adolescencia","tag-arroyito","tag-arroyito-cordoba","tag-arroyito-online","tag-centro-de-apoyo-al-nino-y-la-familia","tag-escuelas","tag-gobierno-municipal","tag-ninez","tag-noticias-de-arroyito-y-zona"],"_links":{"self":[{"href":"https:\/\/arroyitoonline.com.ar\/index.php?rest_route=\/wp\/v2\/posts\/13412","targetHints":{"allow":["GET"]}}],"collection":[{"href":"https:\/\/arroyitoonline.com.ar\/index.php?rest_route=\/wp\/v2\/posts"}],"about":[{"href":"https:\/\/arroyitoonline.com.ar\/index.php?rest_route=\/wp\/v2\/types\/post"}],"author":[{"embeddable":true,"href":"https:\/\/arroyitoonline.com.ar\/index.php?rest_route=\/wp\/v2\/users\/3"}],"replies":[{"embeddable":true,"href":"https:\/\/arroyitoonline.com.ar\/index.php?rest_route=%2Fwp%2Fv2%2Fcomments&post=13412"}],"version-history":[{"count":1,"href":"https:\/\/arroyitoonline.com.ar\/index.php?rest_route=\/wp\/v2\/posts\/13412\/revisions"}],"predecessor-version":[{"id":13414,"href":"https:\/\/arroyitoonline.com.ar\/index.php?rest_route=\/wp\/v2\/posts\/13412\/revisions\/13414"}],"wp:featuredmedia":[{"embeddable":true,"href":"https:\/\/arroyitoonline.com.ar\/index.php?rest_route=\/wp\/v2\/media\/13413"}],"wp:attachment":[{"href":"https:\/\/arroyitoonline.com.ar\/index.php?rest_route=%2Fwp%2Fv2%2Fmedia&parent=13412"}],"wp:term":[{"taxonomy":"category","embeddable":true,"href":"https:\/\/arroyitoonline.com.ar\/index.php?rest_route=%2Fwp%2Fv2%2Fcategories&post=13412"},{"taxonomy":"post_tag","embeddable":true,"href":"https:\/\/arroyitoonline.com.ar\/index.php?rest_route=%2Fwp%2Fv2%2Ftags&post=13412"}],"curies":[{"name":"wp","href":"https:\/\/api.w.org\/{rel}","templated":true}]}}