{"id":13419,"date":"2021-08-26T21:51:51","date_gmt":"2021-08-26T21:51:51","guid":{"rendered":"https:\/\/arroyitoonline.com.ar\/?p=13419"},"modified":"2021-08-26T21:51:55","modified_gmt":"2021-08-26T21:51:55","slug":"semana-del-arbol-inauguraron-los-senderos-del-xanaes","status":"publish","type":"post","link":"https:\/\/arroyitoonline.com.ar\/?p=13419","title":{"rendered":"Semana del \u00c1rbol: inauguraron los Senderos del Xanaes"},"content":{"rendered":"\n<p><strong>El Gobierno Municipal entreg\u00f3 a escuelas, especies arb\u00f3reas aut\u00f3ctonas y semillas donadas por la organizaci\u00f3n Actitud Eco.<\/strong><\/p>\n\n\n\n<p>En la ma\u00f1ana de hoy jueves, el intendente Gustavo Benedetti y miembros de su equipo de gobierno dejaron inaugurados los <strong>Senderos del Xanaes<\/strong>. Se trata de un <strong>paseo natural sobre la margen norte de las costas del Xanaes<\/strong>, que forma parte del proyecto de la actual gesti\u00f3n para la revalorizaci\u00f3n y jerarquizaci\u00f3n de la Costanera.<\/p>\n\n\n\n<p>El Gobierno Municipal convoc\u00f3 a todas las escuelas de la ciudad y sus anexos rurales para la celebraci\u00f3n de la<em> <strong>\u201cSemana del \u00c1rbol\u201d<\/strong><\/em>. En este marco, entreg\u00f3 especies arb\u00f3reas aut\u00f3ctonas y semillas donadas por la organizaci\u00f3n Actitud Eco y recorrieron juntos este nuevo sendero.<\/p>\n\n\n\n<div class=\"wp-block-image\"><figure class=\"aligncenter size-large\"><img loading=\"lazy\" decoding=\"async\" width=\"1024\" height=\"683\" src=\"https:\/\/arroyitoonline.com.ar\/wp-content\/uploads\/2021\/08\/senderos-del-xanaes-1.jpg\" alt=\"\" class=\"wp-image-13421\" srcset=\"https:\/\/arroyitoonline.com.ar\/wp-content\/uploads\/2021\/08\/senderos-del-xanaes-1.jpg 1024w, https:\/\/arroyitoonline.com.ar\/wp-content\/uploads\/2021\/08\/senderos-del-xanaes-1-300x200.jpg 300w, https:\/\/arroyitoonline.com.ar\/wp-content\/uploads\/2021\/08\/senderos-del-xanaes-1-768x512.jpg 768w\" sizes=\"auto, (max-width: 1024px) 100vw, 1024px\" \/><\/figure><\/div>\n\n\n\n<p>En el acto, la asesora de Ambiente y el coordinador de Turismo, hablaron sobre todos los trabajos que est\u00e1n realizando ambas \u00e1reas, del crecimiento que han tenido los espacios verdes comunes y su protecci\u00f3n.<\/p>\n\n\n\n<blockquote class=\"wp-block-quote has-text-align-left is-style-large is-layout-flow wp-block-quote-is-layout-flow\"><p><em>\u201cNos llena de orgullo seguir viendo c\u00f3mo nuestro Balneario crece y se valoriza, c\u00f3mo se protege el medio ambiente y c\u00f3mo estos ni\u00f1os hoy presentes ser\u00e1n los educadores y guardianes de este espacio maravilloso que la naturaleza nos ha regalado. Cada rinc\u00f3n de Arroyito debe ser nuestra casa y por eso debemos cuidarla todos juntos\u201d.<\/em><\/p><cite>expres\u00f3 el intendente<\/cite><\/blockquote>\n\n\n\n<p>Tambi\u00e9n se hizo hincapi\u00e9 en la preservaci\u00f3n y la importancia de la forestaci\u00f3n. Por \u00faltimo, el primer mandatario y la viceintendente descubrieron una placa plasmando la inauguraci\u00f3n junto a todos los alumnos y docentes de la ciudad y parajes.<\/p>\n","protected":false},"excerpt":{"rendered":"<p>El Gobierno Municipal entreg\u00f3 a escuelas, especies arb\u00f3reas aut\u00f3ctonas y semillas donadas por la organizaci\u00f3n Actitud Eco. En la ma\u00f1ana&hellip;<\/p>\n","protected":false},"author":3,"featured_media":13420,"comment_status":"closed","ping_status":"open","sticky":false,"template":"","format":"standard","meta":{"footnotes":""},"categories":[913],"tags":[58,66,67,836,95,1069,258,1102,528,572,690,776],"class_list":["post-13419","post","type-post","status-publish","format-standard","has-post-thumbnail","hentry","category-medio-ambiente","tag-arboles","tag-arroyito","tag-arroyito-cordoba","tag-arroyito-online","tag-balneario","tag-costanera","tag-cuidado-del-medio-ambiente","tag-gobierno-municipal","tag-medio-ambiente","tag-noticias-de-arroyito-y-zona","tag-rio-xanaes","tag-turismo"],"_links":{"self":[{"href":"https:\/\/arroyitoonline.com.ar\/index.php?rest_route=\/wp\/v2\/posts\/13419","targetHints":{"allow":["GET"]}}],"collection":[{"href":"https:\/\/arroyitoonline.com.ar\/index.php?rest_route=\/wp\/v2\/posts"}],"about":[{"href":"https:\/\/arroyitoonline.com.ar\/index.php?rest_route=\/wp\/v2\/types\/post"}],"author":[{"embeddable":true,"href":"https:\/\/arroyitoonline.com.ar\/index.php?rest_route=\/wp\/v2\/users\/3"}],"replies":[{"embeddable":true,"href":"https:\/\/arroyitoonline.com.ar\/index.php?rest_route=%2Fwp%2Fv2%2Fcomments&post=13419"}],"version-history":[{"count":1,"href":"https:\/\/arroyitoonline.com.ar\/index.php?rest_route=\/wp\/v2\/posts\/13419\/revisions"}],"predecessor-version":[{"id":13422,"href":"https:\/\/arroyitoonline.com.ar\/index.php?rest_route=\/wp\/v2\/posts\/13419\/revisions\/13422"}],"wp:featuredmedia":[{"embeddable":true,"href":"https:\/\/arroyitoonline.com.ar\/index.php?rest_route=\/wp\/v2\/media\/13420"}],"wp:attachment":[{"href":"https:\/\/arroyitoonline.com.ar\/index.php?rest_route=%2Fwp%2Fv2%2Fmedia&parent=13419"}],"wp:term":[{"taxonomy":"category","embeddable":true,"href":"https:\/\/arroyitoonline.com.ar\/index.php?rest_route=%2Fwp%2Fv2%2Fcategories&post=13419"},{"taxonomy":"post_tag","embeddable":true,"href":"https:\/\/arroyitoonline.com.ar\/index.php?rest_route=%2Fwp%2Fv2%2Ftags&post=13419"}],"curies":[{"name":"wp","href":"https:\/\/api.w.org\/{rel}","templated":true}]}}