{"id":13427,"date":"2021-08-30T20:51:40","date_gmt":"2021-08-30T20:51:40","guid":{"rendered":"https:\/\/arroyitoonline.com.ar\/?p=13427"},"modified":"2021-08-30T20:51:42","modified_gmt":"2021-08-30T20:51:42","slug":"la-policia-detuvo-a-tres-jovenes-y-secuestro-arma-de-fuego-tras-una-pelea","status":"publish","type":"post","link":"https:\/\/arroyitoonline.com.ar\/?p=13427","title":{"rendered":"La Polic\u00eda detuvo a tres j\u00f3venes y secuestr\u00f3 arma de fuego tras una pelea"},"content":{"rendered":"\n<p><strong>Los sujetos fueron trasladados a la Comisar\u00eda local quedando alojados a disposici\u00f3n de Fiscal\u00eda de Instrucci\u00f3n de Arroyito.<\/strong><\/p>\n\n\n\n<p>A las 15:00 horas del s\u00e1bado, personal policial se constituy\u00f3 en inmediaciones de la interesecci\u00f3n de Osvaldo Navarro y Coronel \u00c1lvarez donde hab\u00eda una pelea.<\/p>\n\n\n\n<p>En el lugar, uniformados procedieron a la detenci\u00f3n de tres j\u00f3venes de 18, 19 y 24 a\u00f1os y al secuestro de un arma de fuego tipo rev\u00f3lver con cartuchos en su tambor y un auto Chevrolet Cruze.<\/p>\n\n\n\n<p>A continuaci\u00f3n, los sujetos fueron trasladados a la Comisar\u00eda local quedando alojados a disposici\u00f3n de Fiscal\u00eda de Instrucci\u00f3n de Arroyito.<\/p>\n\n\n\n<p>Fuente: secci\u00f3n Prensa UR Departamental San Justo. <\/p>\n","protected":false},"excerpt":{"rendered":"<p>Los sujetos fueron trasladados a la Comisar\u00eda local quedando alojados a disposici\u00f3n de Fiscal\u00eda de Instrucci\u00f3n de Arroyito. A las&hellip;<\/p>\n","protected":false},"author":3,"featured_media":8867,"comment_status":"closed","ping_status":"open","sticky":false,"template":"","format":"standard","meta":{"footnotes":""},"categories":[824],"tags":[61,66,67,836,572,1214,635,637,638,825],"class_list":["post-13427","post","type-post","status-publish","format-standard","has-post-thumbnail","hentry","category-policiales-online","tag-armas","tag-arroyito","tag-arroyito-cordoba","tag-arroyito-online","tag-noticias-de-arroyito-y-zona","tag-pelea","tag-policia","tag-policiales","tag-policiales-arroyito","tag-policiales-online"],"_links":{"self":[{"href":"https:\/\/arroyitoonline.com.ar\/index.php?rest_route=\/wp\/v2\/posts\/13427","targetHints":{"allow":["GET"]}}],"collection":[{"href":"https:\/\/arroyitoonline.com.ar\/index.php?rest_route=\/wp\/v2\/posts"}],"about":[{"href":"https:\/\/arroyitoonline.com.ar\/index.php?rest_route=\/wp\/v2\/types\/post"}],"author":[{"embeddable":true,"href":"https:\/\/arroyitoonline.com.ar\/index.php?rest_route=\/wp\/v2\/users\/3"}],"replies":[{"embeddable":true,"href":"https:\/\/arroyitoonline.com.ar\/index.php?rest_route=%2Fwp%2Fv2%2Fcomments&post=13427"}],"version-history":[{"count":1,"href":"https:\/\/arroyitoonline.com.ar\/index.php?rest_route=\/wp\/v2\/posts\/13427\/revisions"}],"predecessor-version":[{"id":13428,"href":"https:\/\/arroyitoonline.com.ar\/index.php?rest_route=\/wp\/v2\/posts\/13427\/revisions\/13428"}],"wp:featuredmedia":[{"embeddable":true,"href":"https:\/\/arroyitoonline.com.ar\/index.php?rest_route=\/wp\/v2\/media\/8867"}],"wp:attachment":[{"href":"https:\/\/arroyitoonline.com.ar\/index.php?rest_route=%2Fwp%2Fv2%2Fmedia&parent=13427"}],"wp:term":[{"taxonomy":"category","embeddable":true,"href":"https:\/\/arroyitoonline.com.ar\/index.php?rest_route=%2Fwp%2Fv2%2Fcategories&post=13427"},{"taxonomy":"post_tag","embeddable":true,"href":"https:\/\/arroyitoonline.com.ar\/index.php?rest_route=%2Fwp%2Fv2%2Ftags&post=13427"}],"curies":[{"name":"wp","href":"https:\/\/api.w.org\/{rel}","templated":true}]}}