{"id":13433,"date":"2021-08-30T21:28:06","date_gmt":"2021-08-30T21:28:06","guid":{"rendered":"https:\/\/arroyitoonline.com.ar\/?p=13433"},"modified":"2021-08-30T21:28:08","modified_gmt":"2021-08-30T21:28:08","slug":"un-tramo-de-la-calle-ballatore-pasara-a-tener-sentido-unico-de-circulacion","status":"publish","type":"post","link":"https:\/\/arroyitoonline.com.ar\/?p=13433","title":{"rendered":"Un tramo de la calle Ballatore pasar\u00e1 a tener sentido \u00fanico de circulaci\u00f3n"},"content":{"rendered":"\n<p><strong>Ser\u00e1 entre las avenidas M. Bernardi y A. Illia, desde este mi\u00e9rcoles 1 de septiembre.<\/strong><\/p>\n\n\n\n<p>En el marco del Programa de Reordenamiento Vial, la Direcci\u00f3n de Tr\u00e1nsito del Gobierno Municipal informa que, <strong>desde el mi\u00e9rcoles 1 de septiembre<\/strong>, <strong>la calle Antonio Ballatore, entre Av. M. Bernardi y Av. A. Illia, pasar\u00e1 a tener sentido \u00fanico de circulaci\u00f3n de este a oeste.<\/strong><\/p>\n\n\n\n<div class=\"wp-block-image\"><figure class=\"aligncenter size-large\"><img loading=\"lazy\" decoding=\"async\" width=\"726\" height=\"1024\" src=\"https:\/\/arroyitoonline.com.ar\/wp-content\/uploads\/2021\/08\/ballatore-sentido-\u00fanico-726x1024.jpeg\" alt=\"\" class=\"wp-image-13434\" srcset=\"https:\/\/arroyitoonline.com.ar\/wp-content\/uploads\/2021\/08\/ballatore-sentido-\u00fanico-726x1024.jpeg 726w, https:\/\/arroyitoonline.com.ar\/wp-content\/uploads\/2021\/08\/ballatore-sentido-\u00fanico-213x300.jpeg 213w, https:\/\/arroyitoonline.com.ar\/wp-content\/uploads\/2021\/08\/ballatore-sentido-\u00fanico-768x1083.jpeg 768w, https:\/\/arroyitoonline.com.ar\/wp-content\/uploads\/2021\/08\/ballatore-sentido-\u00fanico.jpeg 908w\" sizes=\"auto, (max-width: 726px) 100vw, 726px\" \/><\/figure><\/div>\n\n\n\n<p>Por este motivo, desde la administraci\u00f3n municipal solicitan que los vecinos circulen con precauci\u00f3n y respeten la se\u00f1alizaci\u00f3n vial.<\/p>\n","protected":false},"excerpt":{"rendered":"<p>Ser\u00e1 entre las avenidas M. Bernardi y A. Illia, desde este mi\u00e9rcoles 1 de septiembre. En el marco del Programa&hellip;<\/p>\n","protected":false},"author":3,"featured_media":13435,"comment_status":"closed","ping_status":"open","sticky":false,"template":"","format":"standard","meta":{"footnotes":""},"categories":[942],"tags":[66,67,836,138,295,1102,572,771],"class_list":["post-13433","post","type-post","status-publish","format-standard","has-post-thumbnail","hentry","category-transito","tag-arroyito","tag-arroyito-cordoba","tag-arroyito-online","tag-calles","tag-direccion-de-transito","tag-gobierno-municipal","tag-noticias-de-arroyito-y-zona","tag-transito"],"_links":{"self":[{"href":"https:\/\/arroyitoonline.com.ar\/index.php?rest_route=\/wp\/v2\/posts\/13433","targetHints":{"allow":["GET"]}}],"collection":[{"href":"https:\/\/arroyitoonline.com.ar\/index.php?rest_route=\/wp\/v2\/posts"}],"about":[{"href":"https:\/\/arroyitoonline.com.ar\/index.php?rest_route=\/wp\/v2\/types\/post"}],"author":[{"embeddable":true,"href":"https:\/\/arroyitoonline.com.ar\/index.php?rest_route=\/wp\/v2\/users\/3"}],"replies":[{"embeddable":true,"href":"https:\/\/arroyitoonline.com.ar\/index.php?rest_route=%2Fwp%2Fv2%2Fcomments&post=13433"}],"version-history":[{"count":1,"href":"https:\/\/arroyitoonline.com.ar\/index.php?rest_route=\/wp\/v2\/posts\/13433\/revisions"}],"predecessor-version":[{"id":13436,"href":"https:\/\/arroyitoonline.com.ar\/index.php?rest_route=\/wp\/v2\/posts\/13433\/revisions\/13436"}],"wp:featuredmedia":[{"embeddable":true,"href":"https:\/\/arroyitoonline.com.ar\/index.php?rest_route=\/wp\/v2\/media\/13435"}],"wp:attachment":[{"href":"https:\/\/arroyitoonline.com.ar\/index.php?rest_route=%2Fwp%2Fv2%2Fmedia&parent=13433"}],"wp:term":[{"taxonomy":"category","embeddable":true,"href":"https:\/\/arroyitoonline.com.ar\/index.php?rest_route=%2Fwp%2Fv2%2Fcategories&post=13433"},{"taxonomy":"post_tag","embeddable":true,"href":"https:\/\/arroyitoonline.com.ar\/index.php?rest_route=%2Fwp%2Fv2%2Ftags&post=13433"}],"curies":[{"name":"wp","href":"https:\/\/api.w.org\/{rel}","templated":true}]}}