{"id":13437,"date":"2021-08-30T21:33:20","date_gmt":"2021-08-30T21:33:20","guid":{"rendered":"https:\/\/arroyitoonline.com.ar\/?p=13437"},"modified":"2021-08-30T21:33:22","modified_gmt":"2021-08-30T21:33:22","slug":"arroyito-recibio-mas-de-600-dosis-de-vacunas-contra-la-covid-19","status":"publish","type":"post","link":"https:\/\/arroyitoonline.com.ar\/?p=13437","title":{"rendered":"Arroyito recibi\u00f3 m\u00e1s de 600 dosis de vacunas contra la Covid-19"},"content":{"rendered":"\n<p><strong>El vacunatorio trabajar\u00e1 en el horario de 8:00 a 17:00, tomando un receso a las 13:00 y por media hora, para la carga de datos.<\/strong><\/p>\n\n\n\n<p>El \u00e1rea de Inmunizaciones comenzar\u00e1 ma\u00f1ana, un nuevo operativo de vacunaci\u00f3n, ya que a<strong>rribaron a la ciudad m\u00e1s de 600 dosis de distintos laboratorios. Los vecinos que ser\u00e1n inoculados ya han sido notificados por el CiDi.<\/strong><\/p>\n\n\n\n<p><strong>El vacunatorio trabajar\u00e1 en el horario de 8:00 a 17:00, tomando un receso a las 13:00 y por media hora, para la carga de datos. <\/strong><\/p>\n\n\n\n<p>Quienes sean convocados para recibir segundas dosis deber\u00e1n asistir de manera obligatoria con su carnet de vacunaci\u00f3n.<\/p>\n","protected":false},"excerpt":{"rendered":"<p>El vacunatorio trabajar\u00e1 en el horario de 8:00 a 17:00, tomando un receso a las 13:00 y por media hora,&hellip;<\/p>\n","protected":false},"author":3,"featured_media":13438,"comment_status":"closed","ping_status":"open","sticky":false,"template":"","format":"standard","meta":{"footnotes":""},"categories":[9],"tags":[66,67,836,1149,1108,1152,1102,1177,572,705,706,790,1219],"class_list":["post-13437","post","type-post","status-publish","format-standard","has-post-thumbnail","hentry","category-infosalud","tag-arroyito","tag-arroyito-cordoba","tag-arroyito-online","tag-centro-de-emergencias-de-arroyito","tag-coronavirus","tag-covid-19","tag-gobierno-municipal","tag-hospital-municipal-carlos-j-rodriguez","tag-noticias-de-arroyito-y-zona","tag-salon-parroquial","tag-salud","tag-vacunacion","tag-vacunacion-covid-19"],"_links":{"self":[{"href":"https:\/\/arroyitoonline.com.ar\/index.php?rest_route=\/wp\/v2\/posts\/13437","targetHints":{"allow":["GET"]}}],"collection":[{"href":"https:\/\/arroyitoonline.com.ar\/index.php?rest_route=\/wp\/v2\/posts"}],"about":[{"href":"https:\/\/arroyitoonline.com.ar\/index.php?rest_route=\/wp\/v2\/types\/post"}],"author":[{"embeddable":true,"href":"https:\/\/arroyitoonline.com.ar\/index.php?rest_route=\/wp\/v2\/users\/3"}],"replies":[{"embeddable":true,"href":"https:\/\/arroyitoonline.com.ar\/index.php?rest_route=%2Fwp%2Fv2%2Fcomments&post=13437"}],"version-history":[{"count":1,"href":"https:\/\/arroyitoonline.com.ar\/index.php?rest_route=\/wp\/v2\/posts\/13437\/revisions"}],"predecessor-version":[{"id":13439,"href":"https:\/\/arroyitoonline.com.ar\/index.php?rest_route=\/wp\/v2\/posts\/13437\/revisions\/13439"}],"wp:featuredmedia":[{"embeddable":true,"href":"https:\/\/arroyitoonline.com.ar\/index.php?rest_route=\/wp\/v2\/media\/13438"}],"wp:attachment":[{"href":"https:\/\/arroyitoonline.com.ar\/index.php?rest_route=%2Fwp%2Fv2%2Fmedia&parent=13437"}],"wp:term":[{"taxonomy":"category","embeddable":true,"href":"https:\/\/arroyitoonline.com.ar\/index.php?rest_route=%2Fwp%2Fv2%2Fcategories&post=13437"},{"taxonomy":"post_tag","embeddable":true,"href":"https:\/\/arroyitoonline.com.ar\/index.php?rest_route=%2Fwp%2Fv2%2Ftags&post=13437"}],"curies":[{"name":"wp","href":"https:\/\/api.w.org\/{rel}","templated":true}]}}