{"id":13462,"date":"2021-09-01T13:27:39","date_gmt":"2021-09-01T13:27:39","guid":{"rendered":"https:\/\/arroyitoonline.com.ar\/?p=13462"},"modified":"2021-09-01T21:12:49","modified_gmt":"2021-09-01T21:12:49","slug":"arroyito-agosto-termino-sin-muertes-por-covid-19","status":"publish","type":"post","link":"https:\/\/arroyitoonline.com.ar\/?p=13462","title":{"rendered":"Arroyito: agosto termin\u00f3 sin muertes por Covid-19"},"content":{"rendered":"\n<p><strong>Esta situaci\u00f3n no se registraba desde febrero pasado, cuando tampoco hubo fallecimientos por coronavirus.<\/strong><\/p>\n\n\n\n<p>Seg\u00fan informes diarios del Centro de Emergencias de Arroyito (CEA), en nuestra ciudad ya se han producido 77 decesos relacionados a la pandemia coronavirus y, en la actualidad, hay 24 casos positivos activos. <\/p>\n\n\n\n<p><strong>La buena noticia es que agosto pas\u00f3 sin muertes por Covid-19<\/strong>. Esta situaci\u00f3n no se registraba desde febrero pasado, cuando tampoco hubo fallecimientos por coronavirus.<\/p>\n\n\n\n<p>Mientras que, en los meses de <strong>marzo, abril, mayo, junio y julio de 2021, el n\u00famero de fallecidos creci\u00f3<\/strong>; <strong>los \u00faltimos 31 d\u00edas le dieron un respiro al sistema de salud local<\/strong>, tanto en cuanto a muertes como a internaciones por Sars Cov 2, ya que solo un paciente se encuentra alojado en el bloque de aislamiento del hospital municipal.<\/p>\n\n\n\n<div class=\"wp-block-image\"><figure class=\"aligncenter size-large\"><img loading=\"lazy\" decoding=\"async\" width=\"578\" height=\"340\" src=\"https:\/\/arroyitoonline.com.ar\/wp-content\/uploads\/2021\/09\/covid-19-fallecidos.jpg\" alt=\"\" class=\"wp-image-13464\" srcset=\"https:\/\/arroyitoonline.com.ar\/wp-content\/uploads\/2021\/09\/covid-19-fallecidos.jpg 578w, https:\/\/arroyitoonline.com.ar\/wp-content\/uploads\/2021\/09\/covid-19-fallecidos-300x176.jpg 300w\" sizes=\"auto, (max-width: 578px) 100vw, 578px\" \/><figcaption><em>Agosto termin\u00f3 sin muertes por Covid-19, situaci\u00f3n que no se registraba desde febrero pasado. <\/em><\/figcaption><\/figure><\/div>\n\n\n\n<p><strong>El 11 de octubre de 2020 se produjo el primer deceso de una persona de nuestra ciudad contagiada<\/strong>, en lo que fue la primera ola de la pandemia en Arroyito. Luego, tras un verano de aperturas y el comienzo de la vacunaci\u00f3n, lleg\u00f3 la segunda ola trayendo n\u00fameros alarmantes de ocupaci\u00f3n de camas y muertes. <\/p>\n\n\n\n<div class=\"wp-block-image\"><figure class=\"aligncenter size-large\"><img loading=\"lazy\" decoding=\"async\" width=\"697\" height=\"431\" src=\"https:\/\/arroyitoonline.com.ar\/wp-content\/uploads\/2021\/09\/covid-19-atenci\u00f3n-guardia.jpg\" alt=\"\" class=\"wp-image-13466\" srcset=\"https:\/\/arroyitoonline.com.ar\/wp-content\/uploads\/2021\/09\/covid-19-atenci\u00f3n-guardia.jpg 697w, https:\/\/arroyitoonline.com.ar\/wp-content\/uploads\/2021\/09\/covid-19-atenci\u00f3n-guardia-300x186.jpg 300w\" sizes=\"auto, (max-width: 697px) 100vw, 697px\" \/><figcaption><em>La guardia respiratoria del hospital municipal tuvo un respiro en agosto.<\/em><\/figcaption><\/figure><\/div>\n\n\n\n<p>Ahora, <strong>superando las 30.000 dosis<\/strong> de los laboratorios autorizados por Anmat colocadas, el panorama resulta m\u00e1s alentador en v\u00edsperas de la temporada tur\u00edstica que se viene, que prev\u00e9 mayor circulaci\u00f3n y el retorno de la presencialidad en diversos \u00e1mbitos. <\/p>\n","protected":false},"excerpt":{"rendered":"<p>Esta situaci\u00f3n no se registraba desde febrero pasado, cuando tampoco hubo fallecimientos por coronavirus. Seg\u00fan informes diarios del Centro de&hellip;<\/p>\n","protected":false},"author":3,"featured_media":11634,"comment_status":"closed","ping_status":"open","sticky":false,"template":"","format":"standard","meta":{"footnotes":""},"categories":[9],"tags":[66,67,836,1149,1108,1152,1102,1160,426,1177,548,572,706,1219],"class_list":["post-13462","post","type-post","status-publish","format-standard","has-post-thumbnail","hentry","category-infosalud","tag-arroyito","tag-arroyito-cordoba","tag-arroyito-online","tag-centro-de-emergencias-de-arroyito","tag-coronavirus","tag-covid-19","tag-gobierno-municipal","tag-hisopados","tag-hospital","tag-hospital-municipal-carlos-j-rodriguez","tag-muerte","tag-noticias-de-arroyito-y-zona","tag-salud","tag-vacunacion-covid-19"],"_links":{"self":[{"href":"https:\/\/arroyitoonline.com.ar\/index.php?rest_route=\/wp\/v2\/posts\/13462","targetHints":{"allow":["GET"]}}],"collection":[{"href":"https:\/\/arroyitoonline.com.ar\/index.php?rest_route=\/wp\/v2\/posts"}],"about":[{"href":"https:\/\/arroyitoonline.com.ar\/index.php?rest_route=\/wp\/v2\/types\/post"}],"author":[{"embeddable":true,"href":"https:\/\/arroyitoonline.com.ar\/index.php?rest_route=\/wp\/v2\/users\/3"}],"replies":[{"embeddable":true,"href":"https:\/\/arroyitoonline.com.ar\/index.php?rest_route=%2Fwp%2Fv2%2Fcomments&post=13462"}],"version-history":[{"count":4,"href":"https:\/\/arroyitoonline.com.ar\/index.php?rest_route=\/wp\/v2\/posts\/13462\/revisions"}],"predecessor-version":[{"id":13486,"href":"https:\/\/arroyitoonline.com.ar\/index.php?rest_route=\/wp\/v2\/posts\/13462\/revisions\/13486"}],"wp:featuredmedia":[{"embeddable":true,"href":"https:\/\/arroyitoonline.com.ar\/index.php?rest_route=\/wp\/v2\/media\/11634"}],"wp:attachment":[{"href":"https:\/\/arroyitoonline.com.ar\/index.php?rest_route=%2Fwp%2Fv2%2Fmedia&parent=13462"}],"wp:term":[{"taxonomy":"category","embeddable":true,"href":"https:\/\/arroyitoonline.com.ar\/index.php?rest_route=%2Fwp%2Fv2%2Fcategories&post=13462"},{"taxonomy":"post_tag","embeddable":true,"href":"https:\/\/arroyitoonline.com.ar\/index.php?rest_route=%2Fwp%2Fv2%2Ftags&post=13462"}],"curies":[{"name":"wp","href":"https:\/\/api.w.org\/{rel}","templated":true}]}}