{"id":13480,"date":"2021-09-01T20:41:15","date_gmt":"2021-09-01T20:41:15","guid":{"rendered":"https:\/\/arroyitoonline.com.ar\/?p=13480"},"modified":"2021-09-01T20:41:17","modified_gmt":"2021-09-01T20:41:17","slug":"motociclista-resulto-con-heridas-de-caracter-grave-tras-chocar-con-un-auto","status":"publish","type":"post","link":"https:\/\/arroyitoonline.com.ar\/?p=13480","title":{"rendered":"Motociclista result\u00f3 con heridas de car\u00e1cter grave tras chocar con un auto"},"content":{"rendered":"\n<p><strong>Se trata de un joven de 22 a\u00f1os que fue trasladado al Hospital Municipal Carlos J. Rodr\u00edguez.<\/strong><\/p>\n\n\n\n<p>A las 19.30 horas del lunes, se produjo un accidente de tr\u00e1nsito en la intersecci\u00f3n de la Av. Ilia y la calle Ignacio Urqu\u00eda.<\/p>\n\n\n\n<p>Por causas que tratan de establecerse, un auto Volkswagen Pointer color bordo, conducido por un hombre de 50 a\u00f1os, colision\u00f3 con una moto Honda Wave color blanco, guiada por un joven de 22 a\u00f1os.<\/p>\n\n\n\n<p>Producto del choque, el conductor del rodado menor fue trasladado al Hospital Municipal Carlos J. Rodr\u00edguez sufriendo lesiones de car\u00e1cter grave. Intervino en el hecho, Fiscal\u00eda de Instrucci\u00f3n de Arroyito.<\/p>\n\n\n\n<p>Fuente: secci\u00f3n Prensa UR Departamental San Justo. <\/p>\n","protected":false},"excerpt":{"rendered":"<p>Se trata de un joven de 22 a\u00f1os que fue trasladado al Hospital Municipal Carlos J. Rodr\u00edguez. A las 19.30&hellip;<\/p>\n","protected":false},"author":3,"featured_media":8868,"comment_status":"closed","ping_status":"open","sticky":false,"template":"","format":"standard","meta":{"footnotes":""},"categories":[1],"tags":[22,66,67,836,191,1086,547,572,635,637,638,825,737],"class_list":["post-13480","post","type-post","status-publish","format-standard","has-post-thumbnail","hentry","category-uncategorized","tag-accidente","tag-arroyito","tag-arroyito-cordoba","tag-arroyito-online","tag-choque","tag-moto","tag-motos","tag-noticias-de-arroyito-y-zona","tag-policia","tag-policiales","tag-policiales-arroyito","tag-policiales-online","tag-siniestro-vial"],"_links":{"self":[{"href":"https:\/\/arroyitoonline.com.ar\/index.php?rest_route=\/wp\/v2\/posts\/13480","targetHints":{"allow":["GET"]}}],"collection":[{"href":"https:\/\/arroyitoonline.com.ar\/index.php?rest_route=\/wp\/v2\/posts"}],"about":[{"href":"https:\/\/arroyitoonline.com.ar\/index.php?rest_route=\/wp\/v2\/types\/post"}],"author":[{"embeddable":true,"href":"https:\/\/arroyitoonline.com.ar\/index.php?rest_route=\/wp\/v2\/users\/3"}],"replies":[{"embeddable":true,"href":"https:\/\/arroyitoonline.com.ar\/index.php?rest_route=%2Fwp%2Fv2%2Fcomments&post=13480"}],"version-history":[{"count":1,"href":"https:\/\/arroyitoonline.com.ar\/index.php?rest_route=\/wp\/v2\/posts\/13480\/revisions"}],"predecessor-version":[{"id":13481,"href":"https:\/\/arroyitoonline.com.ar\/index.php?rest_route=\/wp\/v2\/posts\/13480\/revisions\/13481"}],"wp:featuredmedia":[{"embeddable":true,"href":"https:\/\/arroyitoonline.com.ar\/index.php?rest_route=\/wp\/v2\/media\/8868"}],"wp:attachment":[{"href":"https:\/\/arroyitoonline.com.ar\/index.php?rest_route=%2Fwp%2Fv2%2Fmedia&parent=13480"}],"wp:term":[{"taxonomy":"category","embeddable":true,"href":"https:\/\/arroyitoonline.com.ar\/index.php?rest_route=%2Fwp%2Fv2%2Fcategories&post=13480"},{"taxonomy":"post_tag","embeddable":true,"href":"https:\/\/arroyitoonline.com.ar\/index.php?rest_route=%2Fwp%2Fv2%2Ftags&post=13480"}],"curies":[{"name":"wp","href":"https:\/\/api.w.org\/{rel}","templated":true}]}}