{"id":13482,"date":"2021-09-01T20:52:20","date_gmt":"2021-09-01T20:52:20","guid":{"rendered":"https:\/\/arroyitoonline.com.ar\/?p=13482"},"modified":"2021-09-02T00:11:41","modified_gmt":"2021-09-02T00:11:41","slug":"menor-de-11-anos-que-andaba-en-bicicleta-resulto-con-lesiones-graves-tras-chocar-con-un-auto","status":"publish","type":"post","link":"https:\/\/arroyitoonline.com.ar\/?p=13482","title":{"rendered":"Menor de 11 a\u00f1os que andaba en bicicleta result\u00f3 con lesiones graves tras chocar con un auto"},"content":{"rendered":"\n<p><strong>El chico colision\u00f3 con una Volkswagen Saveiro conducida por un hombre de 72 a\u00f1os.<\/strong><\/p>\n\n\n\n<p>A las 19:30 horas de ayer, personal policial se constituy\u00f3 en la intersecci\u00f3n de las calles Amos Quijada e Italia, donde se produjo un accidente de tr\u00e1nsito, que dej\u00f3 como saldo un menor lesionado grave.<\/p>\n\n\n\n<p>Momentos antes, una Volkswagen Saveiro de color blanco circulaba por calle Italia con sentido de norte a sur, conducida por un hombre de 72 a\u00f1os. Cuando lleg\u00f3 a la esquina con Amos Quijada colision\u00f3 contra una bicicleta tipo dama color blanco, la cual andaba por esta calle de este a oeste, guiada por un chico de 11 a\u00f1os.<\/p>\n\n\n\n<p>En el lugar se hizo presente el servicio de emergencias llevando al menor al Hospital Municipal Carlos J. Rodr\u00edguez, donde le diagnosticaron traumatismo de cr\u00e1neo grav\u00edsimo y le colocaron asistencia respiratoria mec\u00e1nica. De inmediato fue trasladado al Hospital de Ni\u00f1os de la ciudad de C\u00f3rdoba.<\/p>\n\n\n\n<p>A continuaci\u00f3n se labraron las actuaciones sumariales de rigor con conocimiento y participaci\u00f3n de la Fiscal\u00eda de Instrucci\u00f3n de Arroyito.<\/p>\n\n\n\n<p>Fuente: Direcci\u00f3n General Departamentales Norte &#8211; UR Departamental San Justo. <\/p>\n","protected":false},"excerpt":{"rendered":"<p>El chico colision\u00f3 con una Volkswagen Saveiro conducida por un hombre de 72 a\u00f1os. A las 19:30 horas de ayer,&hellip;<\/p>\n","protected":false},"author":3,"featured_media":9911,"comment_status":"closed","ping_status":"open","sticky":false,"template":"","format":"standard","meta":{"footnotes":""},"categories":[824],"tags":[22,66,67,836,1000,191,530,572,635,637,638,825,737],"class_list":["post-13482","post","type-post","status-publish","format-standard","has-post-thumbnail","hentry","category-policiales-online","tag-accidente","tag-arroyito","tag-arroyito-cordoba","tag-arroyito-online","tag-bicicleta","tag-choque","tag-menores","tag-noticias-de-arroyito-y-zona","tag-policia","tag-policiales","tag-policiales-arroyito","tag-policiales-online","tag-siniestro-vial"],"_links":{"self":[{"href":"https:\/\/arroyitoonline.com.ar\/index.php?rest_route=\/wp\/v2\/posts\/13482","targetHints":{"allow":["GET"]}}],"collection":[{"href":"https:\/\/arroyitoonline.com.ar\/index.php?rest_route=\/wp\/v2\/posts"}],"about":[{"href":"https:\/\/arroyitoonline.com.ar\/index.php?rest_route=\/wp\/v2\/types\/post"}],"author":[{"embeddable":true,"href":"https:\/\/arroyitoonline.com.ar\/index.php?rest_route=\/wp\/v2\/users\/3"}],"replies":[{"embeddable":true,"href":"https:\/\/arroyitoonline.com.ar\/index.php?rest_route=%2Fwp%2Fv2%2Fcomments&post=13482"}],"version-history":[{"count":2,"href":"https:\/\/arroyitoonline.com.ar\/index.php?rest_route=\/wp\/v2\/posts\/13482\/revisions"}],"predecessor-version":[{"id":13494,"href":"https:\/\/arroyitoonline.com.ar\/index.php?rest_route=\/wp\/v2\/posts\/13482\/revisions\/13494"}],"wp:featuredmedia":[{"embeddable":true,"href":"https:\/\/arroyitoonline.com.ar\/index.php?rest_route=\/wp\/v2\/media\/9911"}],"wp:attachment":[{"href":"https:\/\/arroyitoonline.com.ar\/index.php?rest_route=%2Fwp%2Fv2%2Fmedia&parent=13482"}],"wp:term":[{"taxonomy":"category","embeddable":true,"href":"https:\/\/arroyitoonline.com.ar\/index.php?rest_route=%2Fwp%2Fv2%2Fcategories&post=13482"},{"taxonomy":"post_tag","embeddable":true,"href":"https:\/\/arroyitoonline.com.ar\/index.php?rest_route=%2Fwp%2Fv2%2Ftags&post=13482"}],"curies":[{"name":"wp","href":"https:\/\/api.w.org\/{rel}","templated":true}]}}