{"id":13525,"date":"2021-09-06T15:04:23","date_gmt":"2021-09-06T15:04:23","guid":{"rendered":"https:\/\/arroyitoonline.com.ar\/?p=13525"},"modified":"2021-09-06T15:04:25","modified_gmt":"2021-09-06T15:04:25","slug":"en-hecho-de-violencia-familiar-fue-detenido-un-joven-de-22-anos","status":"publish","type":"post","link":"https:\/\/arroyitoonline.com.ar\/?p=13525","title":{"rendered":"En hecho de violencia familiar, fue detenido un joven de 22 a\u00f1os"},"content":{"rendered":"\n<p><strong>Qued\u00f3 alojado a disposici\u00f3n de la Fiscal\u00eda de Instrucci\u00f3n de Arroyito, por supuesto autor de lesiones leves y amenazas calificadas.<\/strong><\/p>\n\n\n\n<p>A las 14:45 horas del s\u00e1bado pasado, la Polic\u00eda tom\u00f3 conocimiento de que, en el domicilio de calle Jos\u00e9 Hern\u00e1ndez al 500, un hombre estar\u00eda agrediendo a una mujer. <\/p>\n\n\n\n<p>De inmediato, uniformados se constituyeron en el lugar donde entrevistaron a la joven de 27 a\u00f1os, quien manifest\u00f3 que, momentos antes, su pareja la habr\u00eda propinado agresiones f\u00edsicas.<\/p>\n\n\n\n<p>En este marco, la Polic\u00eda procedi\u00f3 a la aprehensi\u00f3n del sujeto de 22 a\u00f1os, domiciliado en Arroyito, el cual amenaz\u00f3 de manera verbal al personal actuante.<\/p>\n\n\n\n<p>Luego, fue trasladado a la Comisar\u00eda local, donde qued\u00f3 alojado a disposici\u00f3n de la Fiscal\u00eda de Instrucci\u00f3n de nuestra ciudad, por supuesto autor de lesiones leves y amenazas calificadas.<\/p>\n\n\n\n<p>Fuente: secci\u00f3n Prensa UR Departamental San Justo.<\/p>\n","protected":false},"excerpt":{"rendered":"<p>Qued\u00f3 alojado a disposici\u00f3n de la Fiscal\u00eda de Instrucci\u00f3n de Arroyito, por supuesto autor de lesiones leves y amenazas calificadas.&hellip;<\/p>\n","protected":false},"author":3,"featured_media":9911,"comment_status":"closed","ping_status":"open","sticky":false,"template":"","format":"standard","meta":{"footnotes":""},"categories":[824],"tags":[66,67,836,572,635,637,638,825,808,809,810],"class_list":["post-13525","post","type-post","status-publish","format-standard","has-post-thumbnail","hentry","category-policiales-online","tag-arroyito","tag-arroyito-cordoba","tag-arroyito-online","tag-noticias-de-arroyito-y-zona","tag-policia","tag-policiales","tag-policiales-arroyito","tag-policiales-online","tag-violencia","tag-violencia-de-genero","tag-violencia-familiar"],"_links":{"self":[{"href":"https:\/\/arroyitoonline.com.ar\/index.php?rest_route=\/wp\/v2\/posts\/13525","targetHints":{"allow":["GET"]}}],"collection":[{"href":"https:\/\/arroyitoonline.com.ar\/index.php?rest_route=\/wp\/v2\/posts"}],"about":[{"href":"https:\/\/arroyitoonline.com.ar\/index.php?rest_route=\/wp\/v2\/types\/post"}],"author":[{"embeddable":true,"href":"https:\/\/arroyitoonline.com.ar\/index.php?rest_route=\/wp\/v2\/users\/3"}],"replies":[{"embeddable":true,"href":"https:\/\/arroyitoonline.com.ar\/index.php?rest_route=%2Fwp%2Fv2%2Fcomments&post=13525"}],"version-history":[{"count":1,"href":"https:\/\/arroyitoonline.com.ar\/index.php?rest_route=\/wp\/v2\/posts\/13525\/revisions"}],"predecessor-version":[{"id":13526,"href":"https:\/\/arroyitoonline.com.ar\/index.php?rest_route=\/wp\/v2\/posts\/13525\/revisions\/13526"}],"wp:featuredmedia":[{"embeddable":true,"href":"https:\/\/arroyitoonline.com.ar\/index.php?rest_route=\/wp\/v2\/media\/9911"}],"wp:attachment":[{"href":"https:\/\/arroyitoonline.com.ar\/index.php?rest_route=%2Fwp%2Fv2%2Fmedia&parent=13525"}],"wp:term":[{"taxonomy":"category","embeddable":true,"href":"https:\/\/arroyitoonline.com.ar\/index.php?rest_route=%2Fwp%2Fv2%2Fcategories&post=13525"},{"taxonomy":"post_tag","embeddable":true,"href":"https:\/\/arroyitoonline.com.ar\/index.php?rest_route=%2Fwp%2Fv2%2Ftags&post=13525"}],"curies":[{"name":"wp","href":"https:\/\/api.w.org\/{rel}","templated":true}]}}