{"id":13531,"date":"2021-09-06T18:40:19","date_gmt":"2021-09-06T18:40:19","guid":{"rendered":"https:\/\/arroyitoonline.com.ar\/?p=13531"},"modified":"2021-09-06T18:41:11","modified_gmt":"2021-09-06T18:41:11","slug":"el-sportivo-24-llamara-jesus-fernando-videla-a-su-cabina-de-transmision","status":"publish","type":"post","link":"https:\/\/arroyitoonline.com.ar\/?p=13531","title":{"rendered":"El Sportivo 24 llamar\u00e1 Jes\u00fas Fernando Videla a su cabina de transmisi\u00f3n"},"content":{"rendered":"\n<p><strong>Es parte del emotivo homenaje del Rojo, al periodista deportivo fallecido por Covid-19 en abril pasado. <\/strong><\/p>\n\n\n\n<p><strong>Jes\u00fas Fernando Videla<\/strong>, periodista deportivo y director del medio de comunicaci\u00f3n Arroyito Ciudad,&nbsp;<a href=\"https:\/\/arroyitoonline.com.ar\/noticias\/profundo-pesar-fallecio-fernando-videla-que-habia-sido-internado-por-covid-19\/\">falleci\u00f3 por complicaciones de la Covid-19<\/a>, el 17 de abril pasado, a los 61 a\u00f1os.<\/p>\n\n\n\n<p>En este marco, el <strong>Club Sportivo 24 de Septiembre<\/strong>, que debut\u00f3 como local en el Torneo que lleva el nombre del cronista, se sum\u00f3 a los homenajes que se le vienen realizando en el f\u00fatbol regional. <\/p>\n\n\n\n<p>En este caso, el presidente de la flamante comisi\u00f3n directiva del Rojo, Jos\u00e9 Angeli, el intendente Gustavo Benedetti, entre otras autoridades; <strong>reconocieron a la familia de Fernando, con camisetas y un certificado<\/strong>. <\/p>\n\n\n\n<div class=\"wp-block-image\"><figure class=\"aligncenter size-large\"><img loading=\"lazy\" decoding=\"async\" width=\"1024\" height=\"682\" src=\"https:\/\/arroyitoonline.com.ar\/wp-content\/uploads\/2021\/09\/homenaje-fernando-videla-24-4.jpeg\" alt=\"\" class=\"wp-image-13532\" srcset=\"https:\/\/arroyitoonline.com.ar\/wp-content\/uploads\/2021\/09\/homenaje-fernando-videla-24-4.jpeg 1024w, https:\/\/arroyitoonline.com.ar\/wp-content\/uploads\/2021\/09\/homenaje-fernando-videla-24-4-300x200.jpeg 300w, https:\/\/arroyitoonline.com.ar\/wp-content\/uploads\/2021\/09\/homenaje-fernando-videla-24-4-768x512.jpeg 768w\" sizes=\"auto, (max-width: 1024px) 100vw, 1024px\" \/><figcaption><em>Siguen los homenajes al querido Fernando Videla.<\/em><\/figcaption><\/figure><\/div>\n\n\n\n<p>Asimismo, <strong>el 24 present\u00f3 la piedra fundamental de la construcci\u00f3n de su cabina de transmisi\u00f3n en el Fort\u00edn de la Rivera, la cual se llamar\u00e1 Jes\u00fas Fernando Videla<\/strong>: <em>&#8220;por su desinteresada y profesional labor period\u00edstica  en el deporte local y regional pero, sobre todas las cosas, por su calidad humana&#8221;<\/em>.<\/p>\n\n\n\n<figure class=\"wp-block-image size-large\"><img loading=\"lazy\" decoding=\"async\" width=\"1024\" height=\"768\" src=\"https:\/\/arroyitoonline.com.ar\/wp-content\/uploads\/2021\/09\/homenaje-fernando-videla-24-1.jpeg\" alt=\"\" class=\"wp-image-13534\" srcset=\"https:\/\/arroyitoonline.com.ar\/wp-content\/uploads\/2021\/09\/homenaje-fernando-videla-24-1.jpeg 1024w, https:\/\/arroyitoonline.com.ar\/wp-content\/uploads\/2021\/09\/homenaje-fernando-videla-24-1-300x225.jpeg 300w, https:\/\/arroyitoonline.com.ar\/wp-content\/uploads\/2021\/09\/homenaje-fernando-videla-24-1-768x576.jpeg 768w\" sizes=\"auto, (max-width: 1024px) 100vw, 1024px\" \/><figcaption><em>La cabina de transmisi\u00f3n del Fort\u00edn de la Rivera se llamar\u00e1 Jes\u00fas Fernando Videla.<\/em><\/figcaption><\/figure>\n\n\n\n<p>Recordemos que, el domingo 22 de agosto, en la vuelta del f\u00fatbol regional tras las restricciones por la pandemia coronavirus, <a href=\"https:\/\/arroyitoonline.com.ar\/info-online\/infodeporte\/jesus-fernando-videla-recibio-un-merecido-homenaje-por-parte-de-la-liga-regional-san-francisco\/\" target=\"_blank\" rel=\"noreferrer noopener\">se oficializ\u00f3 la decisi\u00f3n de la Liga Regional San Francisco<\/a> de\u00a0<a href=\"https:\/\/arroyitoonline.com.ar\/info-online\/infodeporte\/futbol-buscan-que-los-torneos-de-la-liga-regional-san-francisco-se-llamen-jesus-fernando-videla\/\" target=\"_blank\" rel=\"noreferrer noopener\">nombrar al torneo 2021 como Jes\u00fas Fernando Videla<\/a> y, en esa jornada, el periodista tambi\u00e9n fue reconocido por el Club Deportivo y Cultural Arroyito.<\/p>\n\n\n\n<p>Las fotos son gentileza de Prensa Municipal.<\/p>\n","protected":false},"excerpt":{"rendered":"<p>Es parte del emotivo homenaje del Rojo, al periodista deportivo fallecido por Covid-19 en abril pasado. Jes\u00fas Fernando Videla, periodista&hellip;<\/p>\n","protected":false},"author":3,"featured_media":13533,"comment_status":"closed","ping_status":"open","sticky":false,"template":"","format":"standard","meta":{"footnotes":""},"categories":[3],"tags":[15,66,67,836,206,207,276,277,1263,393,423,498,572],"class_list":["post-13531","post","type-post","status-publish","format-standard","has-post-thumbnail","hentry","category-infodeporte","tag-24-de-septiembre","tag-arroyito","tag-arroyito-cordoba","tag-arroyito-online","tag-club-24","tag-club-cultural","tag-deporte","tag-deportes","tag-fernando-videla","tag-futbol","tag-homenaje","tag-liga-regional-de-futbol-de-san-francisco","tag-noticias-de-arroyito-y-zona"],"_links":{"self":[{"href":"https:\/\/arroyitoonline.com.ar\/index.php?rest_route=\/wp\/v2\/posts\/13531","targetHints":{"allow":["GET"]}}],"collection":[{"href":"https:\/\/arroyitoonline.com.ar\/index.php?rest_route=\/wp\/v2\/posts"}],"about":[{"href":"https:\/\/arroyitoonline.com.ar\/index.php?rest_route=\/wp\/v2\/types\/post"}],"author":[{"embeddable":true,"href":"https:\/\/arroyitoonline.com.ar\/index.php?rest_route=\/wp\/v2\/users\/3"}],"replies":[{"embeddable":true,"href":"https:\/\/arroyitoonline.com.ar\/index.php?rest_route=%2Fwp%2Fv2%2Fcomments&post=13531"}],"version-history":[{"count":2,"href":"https:\/\/arroyitoonline.com.ar\/index.php?rest_route=\/wp\/v2\/posts\/13531\/revisions"}],"predecessor-version":[{"id":13536,"href":"https:\/\/arroyitoonline.com.ar\/index.php?rest_route=\/wp\/v2\/posts\/13531\/revisions\/13536"}],"wp:featuredmedia":[{"embeddable":true,"href":"https:\/\/arroyitoonline.com.ar\/index.php?rest_route=\/wp\/v2\/media\/13533"}],"wp:attachment":[{"href":"https:\/\/arroyitoonline.com.ar\/index.php?rest_route=%2Fwp%2Fv2%2Fmedia&parent=13531"}],"wp:term":[{"taxonomy":"category","embeddable":true,"href":"https:\/\/arroyitoonline.com.ar\/index.php?rest_route=%2Fwp%2Fv2%2Fcategories&post=13531"},{"taxonomy":"post_tag","embeddable":true,"href":"https:\/\/arroyitoonline.com.ar\/index.php?rest_route=%2Fwp%2Fv2%2Ftags&post=13531"}],"curies":[{"name":"wp","href":"https:\/\/api.w.org\/{rel}","templated":true}]}}