{"id":13541,"date":"2021-09-06T21:31:21","date_gmt":"2021-09-06T21:31:21","guid":{"rendered":"https:\/\/arroyitoonline.com.ar\/?p=13541"},"modified":"2021-09-07T13:31:13","modified_gmt":"2021-09-07T13:31:13","slug":"dia-historico-para-el-sportivo-24-renovo-autoridades-tras-siete-anos","status":"publish","type":"post","link":"https:\/\/arroyitoonline.com.ar\/?p=13541","title":{"rendered":"D\u00eda hist\u00f3rico para el Sportivo 24: renov\u00f3 autoridades tras siete a\u00f1os"},"content":{"rendered":"\n<p><strong>Cerca de 40 socios se hicieron presentes aprobando por unanimidad los temas tratados.<\/strong><\/p>\n\n\n\n<p>El s\u00e1bado pasado, en la sede del<strong> Club Sportivo 24 de Septiembre<\/strong>, la instituci\u00f3n deportiva realiz\u00f3 una <strong>asamblea extraordinaria<\/strong>. Fue para la <strong>aprobaci\u00f3n de memorias y balances de los a\u00f1os 2016, 2017, 2018, 2019 y 2020 y la conformaci\u00f3n de la nueva comisi\u00f3n directiva<\/strong>, tras siete a\u00f1os sin renovaci\u00f3n de autoridades.<\/p>\n\n\n\n<p>Cerca de 40 socios participaron aprobando por unanimidad los temas tratados. No hubo elecci\u00f3n, ya que se present\u00f3 una sola lista.<\/p>\n\n\n\n<p>Luego de los protocolos correspondientes se dieron por confirmadas las nuevas autoridades.<\/p>\n\n\n\n<p>La comisi\u00f3n entrante qued\u00f3 conformada de la siguiente manera:<\/p>\n\n\n\n<p>Presidente: Jos\u00e9 Alberto Angeli<\/p>\n\n\n\n<p>Secretar\u00eda: Ana Karina Lazzari<\/p>\n\n\n\n<p>Tesorero: Renzo Jos\u00e9 Giordano<\/p>\n\n\n\n<p>Vocal Titular: Lilia Susana Arencio Heredia<\/p>\n\n\n\n<p>Vocales Suplentes: Jonatan Luis Brochero, Marcelo Fabi\u00e1n Ludue\u00f1a, Gabriel Fabi\u00e1n Ronco, Emanuel Alejandro Cavalleris, Adri\u00e1n Gabriel Bl\u00e1zquez.<\/p>\n\n\n\n<p>Revisor de Cuentas Titular: Luis Gerardo Beltramone<\/p>\n\n\n\n<p>Revisor de Cuentas Suplentes: Mauricio Sebasti\u00e1n Savatero.<\/p>\n\n\n\n<p>Fuente: Radio Cooperativa. <\/p>\n\n\n\n<p>Foto: Yony Torres.<\/p>\n","protected":false},"excerpt":{"rendered":"<p>Cerca de 40 socios se hicieron presentes aprobando por unanimidad los temas tratados. El s\u00e1bado pasado, en la sede del&hellip;<\/p>\n","protected":false},"author":3,"featured_media":13542,"comment_status":"closed","ping_status":"open","sticky":false,"template":"","format":"standard","meta":{"footnotes":""},"categories":[3],"tags":[15,66,67,836,74,206,276,277,393,572],"class_list":["post-13541","post","type-post","status-publish","format-standard","has-post-thumbnail","hentry","category-infodeporte","tag-24-de-septiembre","tag-arroyito","tag-arroyito-cordoba","tag-arroyito-online","tag-asamblea","tag-club-24","tag-deporte","tag-deportes","tag-futbol","tag-noticias-de-arroyito-y-zona"],"_links":{"self":[{"href":"https:\/\/arroyitoonline.com.ar\/index.php?rest_route=\/wp\/v2\/posts\/13541","targetHints":{"allow":["GET"]}}],"collection":[{"href":"https:\/\/arroyitoonline.com.ar\/index.php?rest_route=\/wp\/v2\/posts"}],"about":[{"href":"https:\/\/arroyitoonline.com.ar\/index.php?rest_route=\/wp\/v2\/types\/post"}],"author":[{"embeddable":true,"href":"https:\/\/arroyitoonline.com.ar\/index.php?rest_route=\/wp\/v2\/users\/3"}],"replies":[{"embeddable":true,"href":"https:\/\/arroyitoonline.com.ar\/index.php?rest_route=%2Fwp%2Fv2%2Fcomments&post=13541"}],"version-history":[{"count":3,"href":"https:\/\/arroyitoonline.com.ar\/index.php?rest_route=\/wp\/v2\/posts\/13541\/revisions"}],"predecessor-version":[{"id":13545,"href":"https:\/\/arroyitoonline.com.ar\/index.php?rest_route=\/wp\/v2\/posts\/13541\/revisions\/13545"}],"wp:featuredmedia":[{"embeddable":true,"href":"https:\/\/arroyitoonline.com.ar\/index.php?rest_route=\/wp\/v2\/media\/13542"}],"wp:attachment":[{"href":"https:\/\/arroyitoonline.com.ar\/index.php?rest_route=%2Fwp%2Fv2%2Fmedia&parent=13541"}],"wp:term":[{"taxonomy":"category","embeddable":true,"href":"https:\/\/arroyitoonline.com.ar\/index.php?rest_route=%2Fwp%2Fv2%2Fcategories&post=13541"},{"taxonomy":"post_tag","embeddable":true,"href":"https:\/\/arroyitoonline.com.ar\/index.php?rest_route=%2Fwp%2Fv2%2Ftags&post=13541"}],"curies":[{"name":"wp","href":"https:\/\/api.w.org\/{rel}","templated":true}]}}