{"id":13605,"date":"2021-09-14T13:05:19","date_gmt":"2021-09-14T13:05:19","guid":{"rendered":"https:\/\/arroyitoonline.com.ar\/?p=13605"},"modified":"2021-09-14T13:05:21","modified_gmt":"2021-09-14T13:05:21","slug":"se-viene-el-nuevo-curso-de-electricidad-de-la-universidad-popular-arroyito","status":"publish","type":"post","link":"https:\/\/arroyitoonline.com.ar\/?p=13605","title":{"rendered":"Se viene el nuevo Curso de Electricidad de la Universidad Popular Arroyito"},"content":{"rendered":"\n<p><strong>La capacitaci\u00f3n, destinada a electricistas y p\u00fablico en general, comenzar\u00e1 el 22 de septiembre.<\/strong><\/p>\n\n\n\n<p>La Secretar\u00eda de Educaci\u00f3n y Cultura del Gobierno Municipal invita a toda la poblaci\u00f3n para que participe del nuevo Curso de Electricidad de la Universidad Popular Arroyito.<\/p>\n\n\n\n<div class=\"wp-block-image\"><figure class=\"aligncenter size-large\"><img loading=\"lazy\" decoding=\"async\" width=\"1024\" height=\"1024\" src=\"https:\/\/arroyitoonline.com.ar\/wp-content\/uploads\/2021\/09\/curso-de-electricidad-1024x1024.jpg\" alt=\"\" class=\"wp-image-13606\" srcset=\"https:\/\/arroyitoonline.com.ar\/wp-content\/uploads\/2021\/09\/curso-de-electricidad-1024x1024.jpg 1024w, https:\/\/arroyitoonline.com.ar\/wp-content\/uploads\/2021\/09\/curso-de-electricidad-300x300.jpg 300w, https:\/\/arroyitoonline.com.ar\/wp-content\/uploads\/2021\/09\/curso-de-electricidad-150x150.jpg 150w, https:\/\/arroyitoonline.com.ar\/wp-content\/uploads\/2021\/09\/curso-de-electricidad-768x768.jpg 768w, https:\/\/arroyitoonline.com.ar\/wp-content\/uploads\/2021\/09\/curso-de-electricidad.jpg 1280w\" sizes=\"auto, (max-width: 1024px) 100vw, 1024px\" \/><figcaption><em>La capacitaci\u00f3n est\u00e1 destinada a electricistas y p\u00fablico en general.<\/em><\/figcaption><\/figure><\/div>\n\n\n\n<p>Esta capacitaci\u00f3n de tres meses de duraci\u00f3n, destinada a electricistas y p\u00fablico en general, se dictar\u00e1 desde el 22 de septiembre, todos los mi\u00e9rcoles a las 20:30 horas.<\/p>\n\n\n\n<p>Para mayor informaci\u00f3n, los interesados deben\u00a0acercarse a la Casa de la Cultura, de 9:00 a 19:00 horas.<\/p>\n\n\n\n<p>Imagen de portada, solo a modo ilustrativo.<\/p>\n","protected":false},"excerpt":{"rendered":"<p>La capacitaci\u00f3n, destinada a electricistas y p\u00fablico en general, comenzar\u00e1 el 22 de septiembre. La Secretar\u00eda de Educaci\u00f3n y Cultura&hellip;<\/p>\n","protected":false},"author":3,"featured_media":4104,"comment_status":"closed","ping_status":"open","sticky":false,"template":"","format":"standard","meta":{"footnotes":""},"categories":[830],"tags":[66,67,836,158,265,319,1102,572,907],"class_list":["post-13605","post","type-post","status-publish","format-standard","has-post-thumbnail","hentry","category-educacion-online","tag-arroyito","tag-arroyito-cordoba","tag-arroyito-online","tag-casa-de-la-cultura","tag-curso","tag-electricidad","tag-gobierno-municipal","tag-noticias-de-arroyito-y-zona","tag-universidad-popular"],"_links":{"self":[{"href":"https:\/\/arroyitoonline.com.ar\/index.php?rest_route=\/wp\/v2\/posts\/13605","targetHints":{"allow":["GET"]}}],"collection":[{"href":"https:\/\/arroyitoonline.com.ar\/index.php?rest_route=\/wp\/v2\/posts"}],"about":[{"href":"https:\/\/arroyitoonline.com.ar\/index.php?rest_route=\/wp\/v2\/types\/post"}],"author":[{"embeddable":true,"href":"https:\/\/arroyitoonline.com.ar\/index.php?rest_route=\/wp\/v2\/users\/3"}],"replies":[{"embeddable":true,"href":"https:\/\/arroyitoonline.com.ar\/index.php?rest_route=%2Fwp%2Fv2%2Fcomments&post=13605"}],"version-history":[{"count":1,"href":"https:\/\/arroyitoonline.com.ar\/index.php?rest_route=\/wp\/v2\/posts\/13605\/revisions"}],"predecessor-version":[{"id":13607,"href":"https:\/\/arroyitoonline.com.ar\/index.php?rest_route=\/wp\/v2\/posts\/13605\/revisions\/13607"}],"wp:featuredmedia":[{"embeddable":true,"href":"https:\/\/arroyitoonline.com.ar\/index.php?rest_route=\/wp\/v2\/media\/4104"}],"wp:attachment":[{"href":"https:\/\/arroyitoonline.com.ar\/index.php?rest_route=%2Fwp%2Fv2%2Fmedia&parent=13605"}],"wp:term":[{"taxonomy":"category","embeddable":true,"href":"https:\/\/arroyitoonline.com.ar\/index.php?rest_route=%2Fwp%2Fv2%2Fcategories&post=13605"},{"taxonomy":"post_tag","embeddable":true,"href":"https:\/\/arroyitoonline.com.ar\/index.php?rest_route=%2Fwp%2Fv2%2Ftags&post=13605"}],"curies":[{"name":"wp","href":"https:\/\/api.w.org\/{rel}","templated":true}]}}