{"id":13627,"date":"2021-09-16T14:18:48","date_gmt":"2021-09-16T14:18:48","guid":{"rendered":"https:\/\/arroyitoonline.com.ar\/?p=13627"},"modified":"2021-09-16T14:18:50","modified_gmt":"2021-09-16T14:18:50","slug":"ejecutaran-el-desague-de-calle-mitre-entre-nicasio-yanez-y-general-paz","status":"publish","type":"post","link":"https:\/\/arroyitoonline.com.ar\/?p=13627","title":{"rendered":"Ejecutar\u00e1n el desag\u00fce de calle Mitre, entre Nicasio Y\u00e1nez y General Paz"},"content":{"rendered":"\n<p><strong>Grupo Fonte invertir\u00e1 alrededor de $75 millones en la ejecuci\u00f3n de 570 metros lineales de drenaje.<\/strong><\/p>\n\n\n\n<p>Ayer a la ma\u00f1ana, el intendente Gustavo Benedetti firm\u00f3 un convenio con el representante administrativo de\u00a0Grupo Fonte, Marcelo Picardi, y el referente de\u00a0Maranetto &amp; Maranetto, Ing. Cristian Maranetto, para la concreci\u00f3n de la Tercerca Etapa del Plan Integral de Desag\u00fces Pluviales presentado en 2016.<\/p>\n\n\n\n<p>En este marco, se ejecutar\u00e1n 570 metros lineales de drenaje por calle Mitre, entre Nicasio Y\u00e1nez y General Paz. Se trata de una mega obra de alta complejidad, que dar\u00e1 soluci\u00f3n al hist\u00f3rico problema de las inundaciones en ese sector.<\/p>\n\n\n\n<p>La inversi\u00f3n de entre 70 y 75 millones de pesos ser\u00e1 costeada por\u00a0Grupo Fonte,\u00a0en el marco de la ordenanza municipal N\u00b0 1931\/2020 <a href=\"https:\/\/cdarroyito.gob.ar\/2020\/12\/10\/ordenanza-n-1931-2020\/\" target=\"_blank\" rel=\"noreferrer noopener\">\u201cDERECHO DE PARTICIPACI\u00d3N MUNICIPAL EN LAS VALORIZACIONES INMOBILIARIAS\u201d<\/a>.<\/p>\n\n\n\n<p>Grupo Fonte encarg\u00f3 esta gran obra a la hormigonera local Maranetto &amp; Maranetto. El plazo de ejecuci\u00f3n podr\u00eda rondar los ocho meses y se iniciar\u00eda en octubre -teniendo en cuenta la provisi\u00f3n de tubos-.<\/p>\n","protected":false},"excerpt":{"rendered":"<p>Grupo Fonte invertir\u00e1 alrededor de $75 millones en la ejecuci\u00f3n de 570 metros lineales de drenaje. Ayer a la ma\u00f1ana,&hellip;<\/p>\n","protected":false},"author":3,"featured_media":13628,"comment_status":"closed","ping_status":"open","sticky":false,"template":"","format":"standard","meta":{"footnotes":""},"categories":[1044],"tags":[66,67,836,280,1102,1277,1276,572,577,578,1278],"class_list":["post-13627","post","type-post","status-publish","format-standard","has-post-thumbnail","hentry","category-obras-publicas","tag-arroyito","tag-arroyito-cordoba","tag-arroyito-online","tag-desagues","tag-gobierno-municipal","tag-grupo-fonte","tag-maranetto-y-maranetto","tag-noticias-de-arroyito-y-zona","tag-obras-hidricas","tag-obras-publicas","tag-plan-integral-de-desagues-pluviales"],"_links":{"self":[{"href":"https:\/\/arroyitoonline.com.ar\/index.php?rest_route=\/wp\/v2\/posts\/13627","targetHints":{"allow":["GET"]}}],"collection":[{"href":"https:\/\/arroyitoonline.com.ar\/index.php?rest_route=\/wp\/v2\/posts"}],"about":[{"href":"https:\/\/arroyitoonline.com.ar\/index.php?rest_route=\/wp\/v2\/types\/post"}],"author":[{"embeddable":true,"href":"https:\/\/arroyitoonline.com.ar\/index.php?rest_route=\/wp\/v2\/users\/3"}],"replies":[{"embeddable":true,"href":"https:\/\/arroyitoonline.com.ar\/index.php?rest_route=%2Fwp%2Fv2%2Fcomments&post=13627"}],"version-history":[{"count":1,"href":"https:\/\/arroyitoonline.com.ar\/index.php?rest_route=\/wp\/v2\/posts\/13627\/revisions"}],"predecessor-version":[{"id":13629,"href":"https:\/\/arroyitoonline.com.ar\/index.php?rest_route=\/wp\/v2\/posts\/13627\/revisions\/13629"}],"wp:featuredmedia":[{"embeddable":true,"href":"https:\/\/arroyitoonline.com.ar\/index.php?rest_route=\/wp\/v2\/media\/13628"}],"wp:attachment":[{"href":"https:\/\/arroyitoonline.com.ar\/index.php?rest_route=%2Fwp%2Fv2%2Fmedia&parent=13627"}],"wp:term":[{"taxonomy":"category","embeddable":true,"href":"https:\/\/arroyitoonline.com.ar\/index.php?rest_route=%2Fwp%2Fv2%2Fcategories&post=13627"},{"taxonomy":"post_tag","embeddable":true,"href":"https:\/\/arroyitoonline.com.ar\/index.php?rest_route=%2Fwp%2Fv2%2Ftags&post=13627"}],"curies":[{"name":"wp","href":"https:\/\/api.w.org\/{rel}","templated":true}]}}