{"id":13630,"date":"2021-09-17T21:37:15","date_gmt":"2021-09-17T21:37:15","guid":{"rendered":"https:\/\/arroyitoonline.com.ar\/?p=13630"},"modified":"2021-09-17T21:37:18","modified_gmt":"2021-09-17T21:37:18","slug":"dia-mundial-para-la-prevencion-del-suicidio-soltaron-globos-en-recuerdo-de-las-victimas","status":"publish","type":"post","link":"https:\/\/arroyitoonline.com.ar\/?p=13630","title":{"rendered":"D\u00eda Mundial para la Prevenci\u00f3n del Suicidio: soltaron globos en recuerdo de las v\u00edctimas"},"content":{"rendered":"\n<p><strong>Personas que sufrieron este flagelo en su entorno organizaron el acto simb\u00f3lico.<\/strong><\/p>\n\n\n\n<p>El pasado viernes 10 de septiembre se conmemor\u00f3 el D\u00eda Mundial para la Prevenci\u00f3n del Suicidio. En este marco, el Gobierno Municipal acompa\u00f1\u00f3 a personas que sufrieron est\u00e1 situaci\u00f3n en su entorno, en un acto simb\u00f3lico organizado por padres y amigos.<\/p>\n\n\n\n<p>Los familiares realizaron una suelta de globos como s\u00edmbolo del recuerdo constante de cada uno de los fallecidos, con un fuerte compromiso con la prevenci\u00f3n, garantizando canales de escucha y contenci\u00f3n para las v\u00edctimas de este flagelo.<\/p>\n\n\n\n<p>La conmemoraci\u00f3n tiene como objetivo fundamental trabajar de manera articulada, en la prevenci\u00f3n del suicidio. Es por esto que las \u00e1reas municipales que se ocupan de este tema pusieron de manifiesto su apoyo y compromiso para<em> &#8220;avanzar juntos y comprometidos&#8221; <\/em>con esta problem\u00e1tica.<\/p>\n\n\n\n<p><strong>PREVENCI\u00d3N<\/strong><\/p>\n\n\n\n<p>Entre los signos de alarma de una crisis suicida se encuentran los siguientes el llanto inconsolable, la tendencia al aislamiento, las amenazas suicidas, los deseos de morir, la desesperanza, los s\u00fabitos cambios de conducta, afectos y h\u00e1bitos, el aislamiento, las conductas inusuales, el consumo excesivo de alcohol o drogas, la realizaci\u00f3n de notas de despedidas, etc.<\/p>\n\n\n\n<p>Los que siguen se consideran grupos de riesgo suicida:<\/p>\n\n\n\n<p>-Las personas que est\u00e1n atravesando un proceso depresivo<br>-Los que tienen ideas suicidas o amenazan con el suicidio<br>-Los sujetos que hayan realizado un intento suicida<br>-Los sujetos en situaciones de crisis<br>-Los sobrevivientes o familiares del suicida<\/p>\n\n\n\n<p>Qu\u00e9 debemos hacer en caso de detectar un sujeto con riesgo de suicidio:<\/p>\n\n\n\n<p>-Preguntarle siempre a esa persona en situaci\u00f3n de riesgo si ha pensado en el suicidio.<br>-Si la respuesta es afirmativa, evitar su acceso a cualquier m\u00e9todo que pueda da\u00f1arlo. Nunca dejarlo a solas mientras persistan las ideas suicidas.<br>-Avisarles a otras personas significativas para el sujeto que contribuyan a que evite la ocurrencia de un acto suicida.<br>-Acercarlo a las fuentes de salud para que reciba atenci\u00f3n especializada.<\/p>\n\n\n\n<p>Ante cualquier duda o consulta, comunicarse con el Centro de Asistencia al Suicida C\u00f3rdoba: l\u00ednea gratuita 135 \u00f3 0351-4265755.<\/p>\n\n\n\n<p>Fuente: Ministerio de Salud de la Naci\u00f3n.<\/p>\n","protected":false},"excerpt":{"rendered":"<p>Personas que sufrieron este flagelo en su entorno organizaron el acto simb\u00f3lico. El pasado viernes 10 de septiembre se conmemor\u00f3&hellip;<\/p>\n","protected":false},"author":3,"featured_media":13631,"comment_status":"closed","ping_status":"open","sticky":false,"template":"","format":"standard","meta":{"footnotes":""},"categories":[900],"tags":[66,67,836,1279,1102,548,571,572,854],"class_list":["post-13630","post","type-post","status-publish","format-standard","has-post-thumbnail","hentry","category-noticias","tag-arroyito","tag-arroyito-cordoba","tag-arroyito-online","tag-dia-mundial-para-la-prevencion-del-suicidio","tag-gobierno-municipal","tag-muerte","tag-noticia","tag-noticias-de-arroyito-y-zona","tag-suicidio"],"_links":{"self":[{"href":"https:\/\/arroyitoonline.com.ar\/index.php?rest_route=\/wp\/v2\/posts\/13630","targetHints":{"allow":["GET"]}}],"collection":[{"href":"https:\/\/arroyitoonline.com.ar\/index.php?rest_route=\/wp\/v2\/posts"}],"about":[{"href":"https:\/\/arroyitoonline.com.ar\/index.php?rest_route=\/wp\/v2\/types\/post"}],"author":[{"embeddable":true,"href":"https:\/\/arroyitoonline.com.ar\/index.php?rest_route=\/wp\/v2\/users\/3"}],"replies":[{"embeddable":true,"href":"https:\/\/arroyitoonline.com.ar\/index.php?rest_route=%2Fwp%2Fv2%2Fcomments&post=13630"}],"version-history":[{"count":1,"href":"https:\/\/arroyitoonline.com.ar\/index.php?rest_route=\/wp\/v2\/posts\/13630\/revisions"}],"predecessor-version":[{"id":13632,"href":"https:\/\/arroyitoonline.com.ar\/index.php?rest_route=\/wp\/v2\/posts\/13630\/revisions\/13632"}],"wp:featuredmedia":[{"embeddable":true,"href":"https:\/\/arroyitoonline.com.ar\/index.php?rest_route=\/wp\/v2\/media\/13631"}],"wp:attachment":[{"href":"https:\/\/arroyitoonline.com.ar\/index.php?rest_route=%2Fwp%2Fv2%2Fmedia&parent=13630"}],"wp:term":[{"taxonomy":"category","embeddable":true,"href":"https:\/\/arroyitoonline.com.ar\/index.php?rest_route=%2Fwp%2Fv2%2Fcategories&post=13630"},{"taxonomy":"post_tag","embeddable":true,"href":"https:\/\/arroyitoonline.com.ar\/index.php?rest_route=%2Fwp%2Fv2%2Ftags&post=13630"}],"curies":[{"name":"wp","href":"https:\/\/api.w.org\/{rel}","templated":true}]}}