{"id":13635,"date":"2021-09-21T19:26:26","date_gmt":"2021-09-21T19:26:26","guid":{"rendered":"https:\/\/arroyitoonline.com.ar\/?p=13635"},"modified":"2021-09-21T19:26:28","modified_gmt":"2021-09-21T19:26:28","slug":"el-gobierno-nacional-anuncio-que-ya-no-sera-obligatorio-usar-barbijo-al-aire-libre","status":"publish","type":"post","link":"https:\/\/arroyitoonline.com.ar\/?p=13635","title":{"rendered":"El Gobierno Nacional anunci\u00f3 que ya no ser\u00e1 obligatorio usar barbijo al aire libre"},"content":{"rendered":"\n<p><strong>La ministra de Salud Carla Vizzotti dijo que las nuevas medidas responden a una baja en los casos de Covid-19 y al avance de la vacunaci\u00f3n.<\/strong><\/p>\n\n\n\n<p>Esta ma\u00f1ana, el Gobierno Nacional anunci\u00f3 nuevas medidas camino a la pospandemia coronavirus. En conferencia de prensa, la ministra de Salud, Carla Vizzotti, y el flamante jefe de Gabinete, Juan Manzur, explicaron<strong> las pr\u00f3ximas flexibilizaciones, que responden a la baja en el \u00edndice de casos positivos de Covid-19 y al avance del plan de vacunaci\u00f3n.<\/strong><\/p>\n\n\n\n<p>Uno de los anuncios que gener\u00f3 m\u00e1s repercusiones fue que<strong> el uso de tapaboca ya no ser\u00e1 obligatorio al aire libre<\/strong>, cuando se circula solo o en burbuja, siempre y cuando no haya aglomeraci\u00f3n de personas.<\/p>\n\n\n\n<p>Mientras que la utilizaci\u00f3n del barbijo<strong> <\/strong><em>\u201cContin\u00faa siendo obligatoria en lugares cerrados (aula, cine, teatro, \u00e1mbitos de trabajo, transporte p\u00fablico, espect\u00e1culos y eventos masivos)\u201d<\/em>, aclararon desde el Gobierno Nacional.<\/p>\n\n\n\n<p><strong>Los barbijos y tapabocas se seguir\u00e1n usando en las reuniones sociales (sin l\u00edmite de personas ahora), eventos masivos y actividades en lugares cerrados<\/strong>.<\/p>\n\n\n\n<p>Un resumen de las medidas:<\/p>\n\n\n\n<ul class=\"wp-block-list\"><li>Se levanta la obligatoriedad del uso de barbijos al aire libre, solo se exigir\u00e1n en eventos masivos al aire libre.<\/li><li>En lugares cerrados sigue siendo obligatorio el uso de barbijos.<\/li><li>Reuniones sociales sin l\u00edmites de personas cumpliendo las medidas de prevenci\u00f3n, tapabocas, distancia y ventilaci\u00f3n.<\/li><li>Aforo del 100% en actividades econ\u00f3micas, industriales, comerciales, de servicios, religiosas, culturales, deportivas, recreativas y sociales en lugares cerrados manteniendo las medidas de prevenci\u00f3n, tapaboca, distancia y ventilaci\u00f3n.<\/li><li>Autorizan viajes a jubilados y egresados, siguiendo los protocolos recomendados.<\/li><li>Autorizaci\u00f3n de discotecas con aforo del 50%, con esquema completo de vacuna (14 d\u00edas previos al evento). Es la actividad de mayor riesgo, teniendo en cuenta la variante Delta.<\/li><li>Desde el 24 de septiembre se elimina el aislamiento de personas que lleguen por trabajo del exterior.<\/li><li>Salones de fiestas, bailes o actividades similares: habilitado para personas que acrediten esquema completo de vacuna (14 d\u00edas previos al evento) o una dosis m\u00e1s test diagn\u00f3stico (PCR o Ant\u00edgeno) negativo dentro de las 48 horas previas al evento. Protocolo especial para las fiestas de 15 o para menores de 17 a\u00f1os mientras avance la vacunaci\u00f3n en los y las adolescentes.<\/li><\/ul>\n\n\n\n<p><video controls=\"\" src=\"https:\/\/www.municipioarroyito.gob.ar\/wp-content\/uploads\/2021\/09\/Intendente-Gustavo-Benedetti.mp4\"><\/p>\n","protected":false},"excerpt":{"rendered":"<p>La ministra de Salud Carla Vizzotti dijo que las nuevas medidas responden a una baja en los casos de Covid-19&hellip;<\/p>\n","protected":false},"author":3,"featured_media":13636,"comment_status":"closed","ping_status":"open","sticky":false,"template":"","format":"standard","meta":{"footnotes":""},"categories":[9],"tags":[1120,66,67,836,1143,125,1108,1152,1167,1102,857,572,706,1219],"class_list":["post-13635","post","type-post","status-publish","format-standard","has-post-thumbnail","hentry","category-infosalud","tag-aislamiento","tag-arroyito","tag-arroyito-cordoba","tag-arroyito-online","tag-barbijo","tag-boliches","tag-coronavirus","tag-covid-19","tag-distanciamiento-social-preventivo-y-obligatorio","tag-gobierno-municipal","tag-gobierno-nacional","tag-noticias-de-arroyito-y-zona","tag-salud","tag-vacunacion-covid-19"],"_links":{"self":[{"href":"https:\/\/arroyitoonline.com.ar\/index.php?rest_route=\/wp\/v2\/posts\/13635","targetHints":{"allow":["GET"]}}],"collection":[{"href":"https:\/\/arroyitoonline.com.ar\/index.php?rest_route=\/wp\/v2\/posts"}],"about":[{"href":"https:\/\/arroyitoonline.com.ar\/index.php?rest_route=\/wp\/v2\/types\/post"}],"author":[{"embeddable":true,"href":"https:\/\/arroyitoonline.com.ar\/index.php?rest_route=\/wp\/v2\/users\/3"}],"replies":[{"embeddable":true,"href":"https:\/\/arroyitoonline.com.ar\/index.php?rest_route=%2Fwp%2Fv2%2Fcomments&post=13635"}],"version-history":[{"count":1,"href":"https:\/\/arroyitoonline.com.ar\/index.php?rest_route=\/wp\/v2\/posts\/13635\/revisions"}],"predecessor-version":[{"id":13637,"href":"https:\/\/arroyitoonline.com.ar\/index.php?rest_route=\/wp\/v2\/posts\/13635\/revisions\/13637"}],"wp:featuredmedia":[{"embeddable":true,"href":"https:\/\/arroyitoonline.com.ar\/index.php?rest_route=\/wp\/v2\/media\/13636"}],"wp:attachment":[{"href":"https:\/\/arroyitoonline.com.ar\/index.php?rest_route=%2Fwp%2Fv2%2Fmedia&parent=13635"}],"wp:term":[{"taxonomy":"category","embeddable":true,"href":"https:\/\/arroyitoonline.com.ar\/index.php?rest_route=%2Fwp%2Fv2%2Fcategories&post=13635"},{"taxonomy":"post_tag","embeddable":true,"href":"https:\/\/arroyitoonline.com.ar\/index.php?rest_route=%2Fwp%2Fv2%2Ftags&post=13635"}],"curies":[{"name":"wp","href":"https:\/\/api.w.org\/{rel}","templated":true}]}}