{"id":13638,"date":"2021-09-22T14:39:57","date_gmt":"2021-09-22T14:39:57","guid":{"rendered":"https:\/\/arroyitoonline.com.ar\/?p=13638"},"modified":"2021-09-22T14:39:59","modified_gmt":"2021-09-22T14:39:59","slug":"como-funcionara-el-vacunatorio-en-los-proximos-dias","status":"publish","type":"post","link":"https:\/\/arroyitoonline.com.ar\/?p=13638","title":{"rendered":"C\u00f3mo funcionar\u00e1 el vacunatorio en los pr\u00f3ximos d\u00edas"},"content":{"rendered":"\n<p><strong>El sal\u00f3n parroquial estar\u00e1 abierto hoy mi\u00e9rcoles 22 y ma\u00f1ana jueves 23, de 8:00 a 16:00 horas.<\/strong><\/p>\n\n\n\n<p>El \u00c1rea de Inmunizaci\u00f3n del Gobierno Municipal informa c\u00f3mo ser\u00e1n los operativos de vacunaci\u00f3n contra la Covid-19 que fueron diagramados para los pr\u00f3ximos d\u00edas.<\/p>\n\n\n\n<p><strong>El vacunatorio trabajar\u00e1 hoy mi\u00e9rcoles 22 y ma\u00f1ana jueves 23, de 8:00 a 16:00 horas.<\/strong> Por su parte, los d\u00edas <strong>viernes 24, s\u00e1bado 25 y domingo 26<\/strong>\u00a0el sal\u00f3n permanecer\u00e1\u00a0<strong>cerrado<\/strong>, retomando todos los llamados para inocularse por parte del CiDi, el lunes 27 de septiembre, de 8:00 a 16:00 horas.<\/p>\n\n\n\n<div class=\"wp-block-image\"><figure class=\"aligncenter size-large\"><img loading=\"lazy\" decoding=\"async\" width=\"1024\" height=\"1024\" src=\"https:\/\/arroyitoonline.com.ar\/wp-content\/uploads\/2021\/09\/vacunatorio-1024x1024.jpeg\" alt=\"\" class=\"wp-image-13639\" srcset=\"https:\/\/arroyitoonline.com.ar\/wp-content\/uploads\/2021\/09\/vacunatorio-1024x1024.jpeg 1024w, https:\/\/arroyitoonline.com.ar\/wp-content\/uploads\/2021\/09\/vacunatorio-300x300.jpeg 300w, https:\/\/arroyitoonline.com.ar\/wp-content\/uploads\/2021\/09\/vacunatorio-150x150.jpeg 150w, https:\/\/arroyitoonline.com.ar\/wp-content\/uploads\/2021\/09\/vacunatorio-768x768.jpeg 768w, https:\/\/arroyitoonline.com.ar\/wp-content\/uploads\/2021\/09\/vacunatorio.jpeg 1280w\" sizes=\"auto, (max-width: 1024px) 100vw, 1024px\" \/><\/figure><\/div>\n\n\n\n<p><strong>Adem\u00e1s, en los \u00faltimos d\u00edas arribaron vacunas de diversos laboratorios:<\/strong> 145 segundas dosis de Sinopharm, para colocarlas del 23 al 29; 50 segundos componente de AstraZeneca, para el jueves 23, y 69 segundas dosis de Moderna, que ser\u00e1n puestas del 23 al 27 de septiembre. <\/p>\n","protected":false},"excerpt":{"rendered":"<p>El sal\u00f3n parroquial estar\u00e1 abierto hoy mi\u00e9rcoles 22 y ma\u00f1ana jueves 23, de 8:00 a 16:00 horas. El \u00c1rea de&hellip;<\/p>\n","protected":false},"author":3,"featured_media":13603,"comment_status":"closed","ping_status":"open","sticky":false,"template":"","format":"standard","meta":{"footnotes":""},"categories":[9],"tags":[66,67,836,1268,1108,1152,1267,572,705,706,1266,790,1219],"class_list":["post-13638","post","type-post","status-publish","format-standard","has-post-thumbnail","hentry","category-infosalud","tag-arroyito","tag-arroyito-cordoba","tag-arroyito-online","tag-astrazeneca","tag-coronavirus","tag-covid-19","tag-moderna","tag-noticias-de-arroyito-y-zona","tag-salon-parroquial","tag-salud","tag-sinopharm","tag-vacunacion","tag-vacunacion-covid-19"],"_links":{"self":[{"href":"https:\/\/arroyitoonline.com.ar\/index.php?rest_route=\/wp\/v2\/posts\/13638","targetHints":{"allow":["GET"]}}],"collection":[{"href":"https:\/\/arroyitoonline.com.ar\/index.php?rest_route=\/wp\/v2\/posts"}],"about":[{"href":"https:\/\/arroyitoonline.com.ar\/index.php?rest_route=\/wp\/v2\/types\/post"}],"author":[{"embeddable":true,"href":"https:\/\/arroyitoonline.com.ar\/index.php?rest_route=\/wp\/v2\/users\/3"}],"replies":[{"embeddable":true,"href":"https:\/\/arroyitoonline.com.ar\/index.php?rest_route=%2Fwp%2Fv2%2Fcomments&post=13638"}],"version-history":[{"count":1,"href":"https:\/\/arroyitoonline.com.ar\/index.php?rest_route=\/wp\/v2\/posts\/13638\/revisions"}],"predecessor-version":[{"id":13640,"href":"https:\/\/arroyitoonline.com.ar\/index.php?rest_route=\/wp\/v2\/posts\/13638\/revisions\/13640"}],"wp:featuredmedia":[{"embeddable":true,"href":"https:\/\/arroyitoonline.com.ar\/index.php?rest_route=\/wp\/v2\/media\/13603"}],"wp:attachment":[{"href":"https:\/\/arroyitoonline.com.ar\/index.php?rest_route=%2Fwp%2Fv2%2Fmedia&parent=13638"}],"wp:term":[{"taxonomy":"category","embeddable":true,"href":"https:\/\/arroyitoonline.com.ar\/index.php?rest_route=%2Fwp%2Fv2%2Fcategories&post=13638"},{"taxonomy":"post_tag","embeddable":true,"href":"https:\/\/arroyitoonline.com.ar\/index.php?rest_route=%2Fwp%2Fv2%2Ftags&post=13638"}],"curies":[{"name":"wp","href":"https:\/\/api.w.org\/{rel}","templated":true}]}}