{"id":13641,"date":"2021-09-22T20:30:00","date_gmt":"2021-09-22T20:30:00","guid":{"rendered":"https:\/\/arroyitoonline.com.ar\/?p=13641"},"modified":"2021-09-22T20:30:04","modified_gmt":"2021-09-22T20:30:04","slug":"se-suspendio-la-procesion-en-honor-a-la-virgen-de-la-merced","status":"publish","type":"post","link":"https:\/\/arroyitoonline.com.ar\/?p=13641","title":{"rendered":"Se suspendi\u00f3 la Procesi\u00f3n en honor a la Virgen de la Merced"},"content":{"rendered":"\n<p><strong>El cura P\u00e1rroco Gabriel Camusso explic\u00f3 que la decisi\u00f3n se tom\u00f3<em> &#8220;Ante la incertidumbre y noticias que no nos dejan leer claramente la situaci\u00f3n actual&#8221;<\/em>.<\/strong><\/p>\n\n\n\n<p>Esta ma\u00f1ana se conoci\u00f3 la noticia de que, por segundo a\u00f1o consecutivo, se suspendi\u00f3 la procesi\u00f3n del viernes 24 de septiembre en Honor a Nuestra Se\u00f1ora de la Merced, por motivos vinculados a la pandemia coronavirus. <\/p>\n\n\n\n<p><em>&#8220;Ante la incertidumbre y noticias que no nos dejan leer claramente la situaci\u00f3n actual, se decidi\u00f3 suspender la procesi\u00f3n el pr\u00f3ximo viernes 24 de septiembre&#8221;<\/em>, inform\u00f3 padre Gabriel Camusso. <\/p>\n\n\n\n<p>En este marco, el cura P\u00e1rroco tambi\u00e9n agreg\u00f3 que las Misas van a ser las programadas para el d\u00eda de la Virgen: a las 8:00, 9:00, 11:00 y 16:30 horas.<\/p>\n\n\n\n<p>Por \u00faltimo, el sacerdote pidi\u00f3 disculpas ante tantos cambios: &#8220;Nos encomendamos a Mar\u00eda de la Merced para que siga cuidando y protegi\u00e9ndonos. Rezamos por nuestra querida Argentina&#8221;.<\/p>\n","protected":false},"excerpt":{"rendered":"<p>El cura P\u00e1rroco Gabriel Camusso explic\u00f3 que la decisi\u00f3n se tom\u00f3 &#8220;Ante la incertidumbre y noticias que no nos dejan&hellip;<\/p>\n","protected":false},"author":3,"featured_media":10228,"comment_status":"closed","ping_status":"open","sticky":false,"template":"","format":"standard","meta":{"footnotes":""},"categories":[935],"tags":[66,67,836,1108,1152,432,572,941,656,681,811],"class_list":["post-13641","post","type-post","status-publish","format-standard","has-post-thumbnail","hentry","category-religion","tag-arroyito","tag-arroyito-cordoba","tag-arroyito-online","tag-coronavirus","tag-covid-19","tag-iglesia-catolica","tag-noticias-de-arroyito-y-zona","tag-parroquia-nuestra-senora-de-la-merced","tag-procesion","tag-religion","tag-virgen"],"_links":{"self":[{"href":"https:\/\/arroyitoonline.com.ar\/index.php?rest_route=\/wp\/v2\/posts\/13641","targetHints":{"allow":["GET"]}}],"collection":[{"href":"https:\/\/arroyitoonline.com.ar\/index.php?rest_route=\/wp\/v2\/posts"}],"about":[{"href":"https:\/\/arroyitoonline.com.ar\/index.php?rest_route=\/wp\/v2\/types\/post"}],"author":[{"embeddable":true,"href":"https:\/\/arroyitoonline.com.ar\/index.php?rest_route=\/wp\/v2\/users\/3"}],"replies":[{"embeddable":true,"href":"https:\/\/arroyitoonline.com.ar\/index.php?rest_route=%2Fwp%2Fv2%2Fcomments&post=13641"}],"version-history":[{"count":1,"href":"https:\/\/arroyitoonline.com.ar\/index.php?rest_route=\/wp\/v2\/posts\/13641\/revisions"}],"predecessor-version":[{"id":13642,"href":"https:\/\/arroyitoonline.com.ar\/index.php?rest_route=\/wp\/v2\/posts\/13641\/revisions\/13642"}],"wp:featuredmedia":[{"embeddable":true,"href":"https:\/\/arroyitoonline.com.ar\/index.php?rest_route=\/wp\/v2\/media\/10228"}],"wp:attachment":[{"href":"https:\/\/arroyitoonline.com.ar\/index.php?rest_route=%2Fwp%2Fv2%2Fmedia&parent=13641"}],"wp:term":[{"taxonomy":"category","embeddable":true,"href":"https:\/\/arroyitoonline.com.ar\/index.php?rest_route=%2Fwp%2Fv2%2Fcategories&post=13641"},{"taxonomy":"post_tag","embeddable":true,"href":"https:\/\/arroyitoonline.com.ar\/index.php?rest_route=%2Fwp%2Fv2%2Ftags&post=13641"}],"curies":[{"name":"wp","href":"https:\/\/api.w.org\/{rel}","templated":true}]}}