{"id":13655,"date":"2021-09-23T13:41:06","date_gmt":"2021-09-23T13:41:06","guid":{"rendered":"https:\/\/arroyitoonline.com.ar\/?p=13655"},"modified":"2021-09-23T13:45:53","modified_gmt":"2021-09-23T13:45:53","slug":"tenia-pedido-de-captura-y-fue-detenido-2","status":"publish","type":"post","link":"https:\/\/arroyitoonline.com.ar\/?p=13655","title":{"rendered":"Ten\u00eda pedido de captura y fue detenido"},"content":{"rendered":"\n<p><strong>Se trata de un joven de 27 a\u00f1os con domicilio en la localidad de La Tordilla.<\/strong><\/p>\n\n\n\n<p>A las 16:15 horas del martes, personal policial detuvo a un joven de 27 a\u00f1os oriundo de La Tordilla, en inmediaciones de las calles Mario Seveso y Tom\u00e1s Ju\u00e1rez de nuestra ciudad. <\/p>\n\n\n\n<p>Seg\u00fan lo inform\u00f3 la Polic\u00eda, el sujeto ten\u00eda pedido de captura por un hecho de violencia familiar que se investiga, en el que result\u00f3 damnificada una joven.<\/p>\n\n\n\n<p>El detenido fue trasladado a la Comisar\u00eda local quedando alojado a disposici\u00f3n de la Fiscal\u00eda de Instrucci\u00f3n de Arroyito.<\/p>\n\n\n\n<p>Fuente: secci\u00f3n Prensa UR Departamental San Justo.<\/p>\n","protected":false},"excerpt":{"rendered":"<p>Se trata de un joven de 27 a\u00f1os con domicilio en la localidad de La Tordilla. A las 16:15 horas&hellip;<\/p>\n","protected":false},"author":3,"featured_media":2727,"comment_status":"closed","ping_status":"open","sticky":false,"template":"","format":"standard","meta":{"footnotes":""},"categories":[824],"tags":[66,67,836,572,1229,635,637,638,825,810],"class_list":["post-13655","post","type-post","status-publish","format-standard","has-post-thumbnail","hentry","category-policiales-online","tag-arroyito","tag-arroyito-cordoba","tag-arroyito-online","tag-noticias-de-arroyito-y-zona","tag-pedido-de-captura","tag-policia","tag-policiales","tag-policiales-arroyito","tag-policiales-online","tag-violencia-familiar"],"_links":{"self":[{"href":"https:\/\/arroyitoonline.com.ar\/index.php?rest_route=\/wp\/v2\/posts\/13655","targetHints":{"allow":["GET"]}}],"collection":[{"href":"https:\/\/arroyitoonline.com.ar\/index.php?rest_route=\/wp\/v2\/posts"}],"about":[{"href":"https:\/\/arroyitoonline.com.ar\/index.php?rest_route=\/wp\/v2\/types\/post"}],"author":[{"embeddable":true,"href":"https:\/\/arroyitoonline.com.ar\/index.php?rest_route=\/wp\/v2\/users\/3"}],"replies":[{"embeddable":true,"href":"https:\/\/arroyitoonline.com.ar\/index.php?rest_route=%2Fwp%2Fv2%2Fcomments&post=13655"}],"version-history":[{"count":2,"href":"https:\/\/arroyitoonline.com.ar\/index.php?rest_route=\/wp\/v2\/posts\/13655\/revisions"}],"predecessor-version":[{"id":13657,"href":"https:\/\/arroyitoonline.com.ar\/index.php?rest_route=\/wp\/v2\/posts\/13655\/revisions\/13657"}],"wp:featuredmedia":[{"embeddable":true,"href":"https:\/\/arroyitoonline.com.ar\/index.php?rest_route=\/wp\/v2\/media\/2727"}],"wp:attachment":[{"href":"https:\/\/arroyitoonline.com.ar\/index.php?rest_route=%2Fwp%2Fv2%2Fmedia&parent=13655"}],"wp:term":[{"taxonomy":"category","embeddable":true,"href":"https:\/\/arroyitoonline.com.ar\/index.php?rest_route=%2Fwp%2Fv2%2Fcategories&post=13655"},{"taxonomy":"post_tag","embeddable":true,"href":"https:\/\/arroyitoonline.com.ar\/index.php?rest_route=%2Fwp%2Fv2%2Ftags&post=13655"}],"curies":[{"name":"wp","href":"https:\/\/api.w.org\/{rel}","templated":true}]}}