{"id":13658,"date":"2021-09-23T13:55:58","date_gmt":"2021-09-23T13:55:58","guid":{"rendered":"https:\/\/arroyitoonline.com.ar\/?p=13658"},"modified":"2021-09-23T13:55:59","modified_gmt":"2021-09-23T13:55:59","slug":"como-funcionaran-los-servicios-publicos-el-viernes-24","status":"publish","type":"post","link":"https:\/\/arroyitoonline.com.ar\/?p=13658","title":{"rendered":"C\u00f3mo funcionar\u00e1n los servicios p\u00fablicos el viernes 24"},"content":{"rendered":"\n<p><strong>El d\u00eda no laborable no habr\u00e1 recolecci\u00f3n de residuos domiciliarios ni de poda y escombros. <\/strong><\/p>\n\n\n\n<p>El Gobierno Municipal informa c\u00f3mo ser\u00e1 el funcionamiento de los servicios p\u00fablicos el viernes 24 de septiembre, d\u00eda no laborable correspondiente a la Fiesta Patronal en homenaje a Nuestra Se\u00f1ora de la Merced.<\/p>\n\n\n\n<div class=\"wp-block-image\"><figure class=\"aligncenter size-large\"><img loading=\"lazy\" decoding=\"async\" width=\"1024\" height=\"1024\" src=\"https:\/\/arroyitoonline.com.ar\/wp-content\/uploads\/2021\/09\/servicios-24-de-septiembre-1024x1024.jpg\" alt=\"\" class=\"wp-image-13659\" srcset=\"https:\/\/arroyitoonline.com.ar\/wp-content\/uploads\/2021\/09\/servicios-24-de-septiembre-1024x1024.jpg 1024w, https:\/\/arroyitoonline.com.ar\/wp-content\/uploads\/2021\/09\/servicios-24-de-septiembre-300x300.jpg 300w, https:\/\/arroyitoonline.com.ar\/wp-content\/uploads\/2021\/09\/servicios-24-de-septiembre-150x150.jpg 150w, https:\/\/arroyitoonline.com.ar\/wp-content\/uploads\/2021\/09\/servicios-24-de-septiembre-768x768.jpg 768w, https:\/\/arroyitoonline.com.ar\/wp-content\/uploads\/2021\/09\/servicios-24-de-septiembre.jpg 1181w\" sizes=\"auto, (max-width: 1024px) 100vw, 1024px\" \/><\/figure><\/div>\n\n\n\n<p>La recolecci\u00f3n de residuos domiciliarios y la recolecci\u00f3n de poda y escombros correspondiente a ese d\u00eda se realizar\u00e1 el s\u00e1bado 25 de septiembre, con doble cuadrilla.<\/p>\n","protected":false},"excerpt":{"rendered":"<p>El d\u00eda no laborable no habr\u00e1 recolecci\u00f3n de residuos domiciliarios ni de poda y escombros. El Gobierno Municipal informa c\u00f3mo&hellip;<\/p>\n","protected":false},"author":3,"featured_media":2563,"comment_status":"closed","ping_status":"open","sticky":false,"template":"","format":"standard","meta":{"footnotes":""},"categories":[879],"tags":[15,66,67,928,375,1102,572,632,675,731,732],"class_list":["post-13658","post","type-post","status-publish","format-standard","has-post-thumbnail","hentry","category-servicios-publicos","tag-24-de-septiembre","tag-arroyito","tag-arroyito-cordoba","tag-dia-no-laborable","tag-fiesta-patronal","tag-gobierno-municipal","tag-noticias-de-arroyito-y-zona","tag-poda","tag-recoleccion-de-residuos","tag-servicios","tag-servicios-publicos"],"_links":{"self":[{"href":"https:\/\/arroyitoonline.com.ar\/index.php?rest_route=\/wp\/v2\/posts\/13658","targetHints":{"allow":["GET"]}}],"collection":[{"href":"https:\/\/arroyitoonline.com.ar\/index.php?rest_route=\/wp\/v2\/posts"}],"about":[{"href":"https:\/\/arroyitoonline.com.ar\/index.php?rest_route=\/wp\/v2\/types\/post"}],"author":[{"embeddable":true,"href":"https:\/\/arroyitoonline.com.ar\/index.php?rest_route=\/wp\/v2\/users\/3"}],"replies":[{"embeddable":true,"href":"https:\/\/arroyitoonline.com.ar\/index.php?rest_route=%2Fwp%2Fv2%2Fcomments&post=13658"}],"version-history":[{"count":1,"href":"https:\/\/arroyitoonline.com.ar\/index.php?rest_route=\/wp\/v2\/posts\/13658\/revisions"}],"predecessor-version":[{"id":13660,"href":"https:\/\/arroyitoonline.com.ar\/index.php?rest_route=\/wp\/v2\/posts\/13658\/revisions\/13660"}],"wp:featuredmedia":[{"embeddable":true,"href":"https:\/\/arroyitoonline.com.ar\/index.php?rest_route=\/wp\/v2\/media\/2563"}],"wp:attachment":[{"href":"https:\/\/arroyitoonline.com.ar\/index.php?rest_route=%2Fwp%2Fv2%2Fmedia&parent=13658"}],"wp:term":[{"taxonomy":"category","embeddable":true,"href":"https:\/\/arroyitoonline.com.ar\/index.php?rest_route=%2Fwp%2Fv2%2Fcategories&post=13658"},{"taxonomy":"post_tag","embeddable":true,"href":"https:\/\/arroyitoonline.com.ar\/index.php?rest_route=%2Fwp%2Fv2%2Ftags&post=13658"}],"curies":[{"name":"wp","href":"https:\/\/api.w.org\/{rel}","templated":true}]}}