{"id":13662,"date":"2021-09-23T14:10:10","date_gmt":"2021-09-23T14:10:10","guid":{"rendered":"https:\/\/arroyitoonline.com.ar\/?p=13662"},"modified":"2021-09-23T14:10:13","modified_gmt":"2021-09-23T14:10:13","slug":"hoy-sigue-la-vacunacion-antirrabica-en-la-plaza-andresito-gil","status":"publish","type":"post","link":"https:\/\/arroyitoonline.com.ar\/?p=13662","title":{"rendered":"Hoy sigue la vacunaci\u00f3n antirr\u00e1bica en la Plaza Andresito Gil"},"content":{"rendered":"\n<p>Adem\u00e1s, el s\u00e1bado 25 se har\u00e1 en la Plaza Eva Per\u00f3n y el lunes 27, en la Plaza Seberino Gudi\u00f1o.<\/p>\n\n\n\n<p>El \u00c1rea de Ambiente y Energ\u00eda del Gobierno Municipal\u00a0contin\u00faa con la segunda etapa de la vacunaci\u00f3n antirr\u00e1bica, este jueves 23 de septiembre de 12:00 a 15:00 horas, en la Plaza Andresito Gil.<\/p>\n\n\n\n<figure class=\"wp-block-image size-large\"><img loading=\"lazy\" decoding=\"async\" width=\"1024\" height=\"1024\" src=\"https:\/\/arroyitoonline.com.ar\/wp-content\/uploads\/2021\/09\/vacunaci\u00f3n-antirr\u00e1bica-1-1024x1024.jpg\" alt=\"\" class=\"wp-image-13663\" srcset=\"https:\/\/arroyitoonline.com.ar\/wp-content\/uploads\/2021\/09\/vacunaci\u00f3n-antirr\u00e1bica-1-1024x1024.jpg 1024w, https:\/\/arroyitoonline.com.ar\/wp-content\/uploads\/2021\/09\/vacunaci\u00f3n-antirr\u00e1bica-1-300x300.jpg 300w, https:\/\/arroyitoonline.com.ar\/wp-content\/uploads\/2021\/09\/vacunaci\u00f3n-antirr\u00e1bica-1-150x150.jpg 150w, https:\/\/arroyitoonline.com.ar\/wp-content\/uploads\/2021\/09\/vacunaci\u00f3n-antirr\u00e1bica-1-768x768.jpg 768w, https:\/\/arroyitoonline.com.ar\/wp-content\/uploads\/2021\/09\/vacunaci\u00f3n-antirr\u00e1bica-1.jpg 1280w\" sizes=\"auto, (max-width: 1024px) 100vw, 1024px\" \/><\/figure>\n\n\n\n<p><strong>Tambi\u00e9n habr\u00e1 dos fechas m\u00e1s durante septiembre:<\/strong><\/p>\n\n\n\n<ul class=\"wp-block-list\"><li><strong>S\u00e1bado 25\/09<\/strong>: Plaza Eva Per\u00f3n, de 12:00 a 15:00<\/li><li><strong>Lunes 27\/09<\/strong>: Plaza Seberino Gudi\u00f1o, de 12:00 a 15:00.<\/li><\/ul>\n\n\n\n<p><strong>Como pol\u00edtica p\u00fablica sanitaria, el intendente Gustavo Benedetti ha reactivado, despu\u00e9s de m\u00e1s de ocho a\u00f1os sin inversi\u00f3n en la materia, una nueva campa\u00f1a antirr\u00e1bica gratuita y masiva para todos los caninos y felinos de Arroyito, La Curva y El Fuertecito.<\/strong><\/p>\n\n\n\n<p><strong>Recomendaciones a tener en cuenta:<\/strong><br>\u2022 La vacunaci\u00f3n es gratuita y obligatoria para felinos y caninos.<br>\u2022 Deben asistir a la jornada de vacunaci\u00f3n dispuesta en su barrio.<br>\u2022 Debe presentarse una sola persona, mayor de edad, que controle al animal (una persona por mascota).<br>\u2022 Felinos y caninos mayores de seis meses y en perfecto estado de salud.<br>\u2022 Los caninos deber\u00e1n tener collar bien puesto y correa.<br>\u2022 Los felinos en sus respectivos bolsos de transporte con alguna manta o toalla para controlar el animal al momento de la vacunaci\u00f3n.<br>\u2022 Las personas deber\u00e1n presentarse sin fiebre o s\u00edntomas de Covid-19 presentes, con barbijo y respetar la distancia de dos metros.<br>\u2022 En caso de lluvia, d\u00eda tormentoso o mal tiempo, la fecha se reprograma para el \u00faltimo lugar de la campa\u00f1a, siempre respetando el cronograma ya estipulado.<\/p>\n","protected":false},"excerpt":{"rendered":"<p>Adem\u00e1s, el s\u00e1bado 25 se har\u00e1 en la Plaza Eva Per\u00f3n y el lunes 27, en la Plaza Seberino Gudi\u00f1o.&hellip;<\/p>\n","protected":false},"author":3,"featured_media":13488,"comment_status":"closed","ping_status":"open","sticky":false,"template":"","format":"standard","meta":{"footnotes":""},"categories":[913],"tags":[52,1093,66,67,836,1102,528,572,615,790,1240],"class_list":["post-13662","post","type-post","status-publish","format-standard","has-post-thumbnail","hentry","category-medio-ambiente","tag-animales","tag-area-municipal-de-ambiente-y-energia","tag-arroyito","tag-arroyito-cordoba","tag-arroyito-online","tag-gobierno-municipal","tag-medio-ambiente","tag-noticias-de-arroyito-y-zona","tag-perros","tag-vacunacion","tag-vacunacion-antirrabica-2"],"_links":{"self":[{"href":"https:\/\/arroyitoonline.com.ar\/index.php?rest_route=\/wp\/v2\/posts\/13662","targetHints":{"allow":["GET"]}}],"collection":[{"href":"https:\/\/arroyitoonline.com.ar\/index.php?rest_route=\/wp\/v2\/posts"}],"about":[{"href":"https:\/\/arroyitoonline.com.ar\/index.php?rest_route=\/wp\/v2\/types\/post"}],"author":[{"embeddable":true,"href":"https:\/\/arroyitoonline.com.ar\/index.php?rest_route=\/wp\/v2\/users\/3"}],"replies":[{"embeddable":true,"href":"https:\/\/arroyitoonline.com.ar\/index.php?rest_route=%2Fwp%2Fv2%2Fcomments&post=13662"}],"version-history":[{"count":1,"href":"https:\/\/arroyitoonline.com.ar\/index.php?rest_route=\/wp\/v2\/posts\/13662\/revisions"}],"predecessor-version":[{"id":13664,"href":"https:\/\/arroyitoonline.com.ar\/index.php?rest_route=\/wp\/v2\/posts\/13662\/revisions\/13664"}],"wp:featuredmedia":[{"embeddable":true,"href":"https:\/\/arroyitoonline.com.ar\/index.php?rest_route=\/wp\/v2\/media\/13488"}],"wp:attachment":[{"href":"https:\/\/arroyitoonline.com.ar\/index.php?rest_route=%2Fwp%2Fv2%2Fmedia&parent=13662"}],"wp:term":[{"taxonomy":"category","embeddable":true,"href":"https:\/\/arroyitoonline.com.ar\/index.php?rest_route=%2Fwp%2Fv2%2Fcategories&post=13662"},{"taxonomy":"post_tag","embeddable":true,"href":"https:\/\/arroyitoonline.com.ar\/index.php?rest_route=%2Fwp%2Fv2%2Ftags&post=13662"}],"curies":[{"name":"wp","href":"https:\/\/api.w.org\/{rel}","templated":true}]}}