{"id":13668,"date":"2021-09-23T20:55:16","date_gmt":"2021-09-23T20:55:16","guid":{"rendered":"https:\/\/arroyitoonline.com.ar\/?p=13668"},"modified":"2021-09-23T20:57:25","modified_gmt":"2021-09-23T20:57:25","slug":"la-velez-inauguro-la-primera-aula-hibrida-inmersiva-de-una-escuela-secundaria-cordobesa","status":"publish","type":"post","link":"https:\/\/arroyitoonline.com.ar\/?p=13668","title":{"rendered":"La V\u00e9lez inaugur\u00f3 la primera aula h\u00edbrida inmersiva de una escuela secundaria cordobesa"},"content":{"rendered":"\n<p><strong>Permite el desarrollo de una clase a estudiantes que est\u00e1n presentes en simult\u00e1neo con los que se incorporan de manera virtual.<\/strong><\/p>\n\n\n\n<p>Este mi\u00e9rcoles 22 de septiembre, la <strong>Escuela Dr. Dalmacio V\u00e9lez Sarsfield <\/strong>dej\u00f3 inaugurada la<strong> primera aula h\u00edbrida inmersiva de un colegio secundario de C\u00f3rdoba<\/strong>.<\/p>\n\n\n\n<p>Es un entorno de aprendizaje que permite el desarrollo de una clase a estudiantes que est\u00e1n presentes en el aula f\u00edsica, en simult\u00e1neo con otros que se incorporan de forma virtual.<\/p>\n\n\n\n<p>En este marco, la V\u00e9lez tiene <em>&#8220;el eje puesto en la educaci\u00f3n digital y la generaci\u00f3n de nuevos formatos pedag\u00f3gicos para el aprendizaje&#8221;<\/em>, presentando &#8220;una nueva propuesta de formaci\u00f3n que incorpora para el Ciclo 2022 programaci\u00f3n, electr\u00f3nica y rob\u00f3tica&#8221; en sus dos especialidades (Econom\u00eda y Ciencias Naturales).<\/p>\n\n\n\n<p><em>&#8220;Sin dudas, se trata de una incorporaci\u00f3n tecnol\u00f3gica que posiciona a la ciudad a nivel provincial por su alt\u00edsimo nivel educativo&#8221;<\/em>, dijeron desde el Gobierno Municipal, que acompa\u00f1\u00f3 a la instituci\u00f3n educativa en este hito, a trav\u00e9s de la presencia del intendente Benedetti, entre otros funcionarios. Tambi\u00e9n particip\u00f3 del acto la presidenta del Consejo de Administraci\u00f3n de la Cespal, Viviana Romero. <\/p>\n\n\n\n<p>Por \u00faltimo, el primer mandatario local remarc\u00f3 que <em>\u201cEstos tiempos que vivimos de pandemia exigieron a la educaci\u00f3n actualizar sus m\u00e9todos de aprendizaje y priorizar la virtualidad. Cuando una escuela crece en nuestra ciudad es un logro para los j\u00f3venes y para toda la ciudad<\/em>&#8221; y felicit\u00f3 <em>&#8220;a esta comunidad educativa de la querida escuela V\u00e9lez por su constante progreso y compromiso educativo con Arroyito\u201d<\/em>.<\/p>\n","protected":false},"excerpt":{"rendered":"<p>Permite el desarrollo de una clase a estudiantes que est\u00e1n presentes en simult\u00e1neo con los que se incorporan de manera&hellip;<\/p>\n","protected":false},"author":3,"featured_media":13670,"comment_status":"closed","ping_status":"open","sticky":false,"template":"","format":"standard","meta":{"footnotes":""},"categories":[830],"tags":[66,67,836,310,888,348,1102,572],"class_list":["post-13668","post","type-post","status-publish","format-standard","has-post-thumbnail","hentry","category-educacion-online","tag-arroyito","tag-arroyito-cordoba","tag-arroyito-online","tag-educacion","tag-escuela-dr-dalmacio-velez-sarsfield","tag-escuelas","tag-gobierno-municipal","tag-noticias-de-arroyito-y-zona"],"_links":{"self":[{"href":"https:\/\/arroyitoonline.com.ar\/index.php?rest_route=\/wp\/v2\/posts\/13668","targetHints":{"allow":["GET"]}}],"collection":[{"href":"https:\/\/arroyitoonline.com.ar\/index.php?rest_route=\/wp\/v2\/posts"}],"about":[{"href":"https:\/\/arroyitoonline.com.ar\/index.php?rest_route=\/wp\/v2\/types\/post"}],"author":[{"embeddable":true,"href":"https:\/\/arroyitoonline.com.ar\/index.php?rest_route=\/wp\/v2\/users\/3"}],"replies":[{"embeddable":true,"href":"https:\/\/arroyitoonline.com.ar\/index.php?rest_route=%2Fwp%2Fv2%2Fcomments&post=13668"}],"version-history":[{"count":3,"href":"https:\/\/arroyitoonline.com.ar\/index.php?rest_route=\/wp\/v2\/posts\/13668\/revisions"}],"predecessor-version":[{"id":13672,"href":"https:\/\/arroyitoonline.com.ar\/index.php?rest_route=\/wp\/v2\/posts\/13668\/revisions\/13672"}],"wp:featuredmedia":[{"embeddable":true,"href":"https:\/\/arroyitoonline.com.ar\/index.php?rest_route=\/wp\/v2\/media\/13670"}],"wp:attachment":[{"href":"https:\/\/arroyitoonline.com.ar\/index.php?rest_route=%2Fwp%2Fv2%2Fmedia&parent=13668"}],"wp:term":[{"taxonomy":"category","embeddable":true,"href":"https:\/\/arroyitoonline.com.ar\/index.php?rest_route=%2Fwp%2Fv2%2Fcategories&post=13668"},{"taxonomy":"post_tag","embeddable":true,"href":"https:\/\/arroyitoonline.com.ar\/index.php?rest_route=%2Fwp%2Fv2%2Ftags&post=13668"}],"curies":[{"name":"wp","href":"https:\/\/api.w.org\/{rel}","templated":true}]}}