{"id":13677,"date":"2021-09-27T13:21:00","date_gmt":"2021-09-27T13:21:00","guid":{"rendered":"https:\/\/arroyitoonline.com.ar\/?p=13677"},"modified":"2021-09-27T14:25:31","modified_gmt":"2021-09-27T14:25:31","slug":"sacanta-cruzo-la-ruta-corriendo-y-murio-embestido-por-una-camioneta","status":"publish","type":"post","link":"https:\/\/arroyitoonline.com.ar\/?p=13677","title":{"rendered":"Sacanta: cruz\u00f3 la ruta corriendo y muri\u00f3 embestido por una camioneta"},"content":{"rendered":"\n<p><strong>El hombre ten\u00eda 43 a\u00f1os y estaba domiciliado en esa localidad.<\/strong><\/p>\n\n\n\n<p>A las 16:45 horas del s\u00e1bado pasado, la Polic\u00eda recibi\u00f3 un llamado al 101 advirtiendo que se hab\u00eda producido un accidente de tr\u00e1nsito fatal en la localidad de Sacanta.<\/p>\n\n\n\n<p>Momentos antes, una camioneta Toyota Hilux color blanco, que era conducida por un hombre de 50 a\u00f1os, andaba por Ruta 13. Cuando lleg\u00f3 al kil\u00f3metro 82, por causas que tratan de establecerse, choc\u00f3 a una persona que cruzaba la ruta corriendo.<\/p>\n\n\n\n<p>En el lugar, el servicio de emergencias constat\u00f3 el deceso del hombre de 43 a\u00f1os, domiciliado en Sacanta.<\/p>\n\n\n\n<p>Trabajo en el sector, personal de Polic\u00eda Judicial y Bomberos Voluntarios de esa localidad. Intervino en el caso, la Fiscal\u00eda de Instrucci\u00f3n de Las Varillas.<\/p>\n\n\n\n<p>Fuente: secci\u00f3n Prensa UR Departamental San Justo.<\/p>\n\n\n\n<p>Foto: eldoce.tv.<\/p>\n","protected":false},"excerpt":{"rendered":"<p>El hombre ten\u00eda 43 a\u00f1os y estaba domiciliado en esa localidad. A las 16:45 horas del s\u00e1bado pasado, la Polic\u00eda&hellip;<\/p>\n","protected":false},"author":3,"featured_media":13678,"comment_status":"closed","ping_status":"open","sticky":false,"template":"","format":"standard","meta":{"footnotes":""},"categories":[824],"tags":[22,66,67,836,572,635,637,638,825,702,737],"class_list":["post-13677","post","type-post","status-publish","format-standard","has-post-thumbnail","hentry","category-policiales-online","tag-accidente","tag-arroyito","tag-arroyito-cordoba","tag-arroyito-online","tag-noticias-de-arroyito-y-zona","tag-policia","tag-policiales","tag-policiales-arroyito","tag-policiales-online","tag-sacanta","tag-siniestro-vial"],"_links":{"self":[{"href":"https:\/\/arroyitoonline.com.ar\/index.php?rest_route=\/wp\/v2\/posts\/13677","targetHints":{"allow":["GET"]}}],"collection":[{"href":"https:\/\/arroyitoonline.com.ar\/index.php?rest_route=\/wp\/v2\/posts"}],"about":[{"href":"https:\/\/arroyitoonline.com.ar\/index.php?rest_route=\/wp\/v2\/types\/post"}],"author":[{"embeddable":true,"href":"https:\/\/arroyitoonline.com.ar\/index.php?rest_route=\/wp\/v2\/users\/3"}],"replies":[{"embeddable":true,"href":"https:\/\/arroyitoonline.com.ar\/index.php?rest_route=%2Fwp%2Fv2%2Fcomments&post=13677"}],"version-history":[{"count":2,"href":"https:\/\/arroyitoonline.com.ar\/index.php?rest_route=\/wp\/v2\/posts\/13677\/revisions"}],"predecessor-version":[{"id":13685,"href":"https:\/\/arroyitoonline.com.ar\/index.php?rest_route=\/wp\/v2\/posts\/13677\/revisions\/13685"}],"wp:featuredmedia":[{"embeddable":true,"href":"https:\/\/arroyitoonline.com.ar\/index.php?rest_route=\/wp\/v2\/media\/13678"}],"wp:attachment":[{"href":"https:\/\/arroyitoonline.com.ar\/index.php?rest_route=%2Fwp%2Fv2%2Fmedia&parent=13677"}],"wp:term":[{"taxonomy":"category","embeddable":true,"href":"https:\/\/arroyitoonline.com.ar\/index.php?rest_route=%2Fwp%2Fv2%2Fcategories&post=13677"},{"taxonomy":"post_tag","embeddable":true,"href":"https:\/\/arroyitoonline.com.ar\/index.php?rest_route=%2Fwp%2Fv2%2Ftags&post=13677"}],"curies":[{"name":"wp","href":"https:\/\/api.w.org\/{rel}","templated":true}]}}