{"id":13683,"date":"2021-09-27T14:26:52","date_gmt":"2021-09-27T14:26:52","guid":{"rendered":"https:\/\/arroyitoonline.com.ar\/?p=13683"},"modified":"2021-09-27T14:26:53","modified_gmt":"2021-09-27T14:26:53","slug":"los-ninos-y-ninas-de-casita-recibieron-la-primavera-y-festejaron-el-dia-del-estudiante","status":"publish","type":"post","link":"https:\/\/arroyitoonline.com.ar\/?p=13683","title":{"rendered":"Los ni\u00f1os y ni\u00f1as de Casita recibieron la primavera y festejaron el D\u00eda del Estudiante"},"content":{"rendered":"\n<p><strong>Hubo proyecci\u00f3n de cortos de cine animado; lectura de cuentos y relatos; m\u00fasica; baile; hamburguesas y bebidas.<\/strong><\/p>\n\n\n\n<p>En la tarde del martes 21 de septiembre, los ni\u00f1os y las ni\u00f1as que asisten a las jornadas de apoyo escolar de Casita, en Barrio IPV, celebraron el D\u00eda del Estudiante y recibieron la primavera con mucha alegr\u00eda y diversi\u00f3n.<\/p>\n\n\n\n<p>El encuentro cont\u00f3 con la proyecci\u00f3n de cortos de cine animado, lectura de cuentos y relatos, m\u00fasica, baile, hamburguesas y bebidas. Adem\u00e1s, los peque\u00f1os y peque\u00f1as recibieron un presente por parte de Asociaci\u00f3n Mutual Arroyito (AMA).<\/p>\n\n\n\n<p><em>&#8220;Este Gobierno Municipal acompa\u00f1a con empat\u00eda y compromiso a la infancia de la ciudad&#8221;<\/em>, dijeron desde la actual gesti\u00f3n.<\/p>\n","protected":false},"excerpt":{"rendered":"<p>Hubo proyecci\u00f3n de cortos de cine animado; lectura de cuentos y relatos; m\u00fasica; baile; hamburguesas y bebidas. En la tarde&hellip;<\/p>\n","protected":false},"author":3,"featured_media":13684,"comment_status":"closed","ping_status":"open","sticky":false,"template":"","format":"standard","meta":{"footnotes":""},"categories":[962],"tags":[50,66,67,836,79,161,195,289,1102,570,572,651],"class_list":["post-13683","post","type-post","status-publish","format-standard","has-post-thumbnail","hentry","category-ninez-y-adolescencia","tag-ama","tag-arroyito","tag-arroyito-cordoba","tag-arroyito-online","tag-asociacion-mutual-arroyito","tag-casita","tag-cine","tag-dia-del-estudiante","tag-gobierno-municipal","tag-ninez","tag-noticias-de-arroyito-y-zona","tag-primavera"],"_links":{"self":[{"href":"https:\/\/arroyitoonline.com.ar\/index.php?rest_route=\/wp\/v2\/posts\/13683","targetHints":{"allow":["GET"]}}],"collection":[{"href":"https:\/\/arroyitoonline.com.ar\/index.php?rest_route=\/wp\/v2\/posts"}],"about":[{"href":"https:\/\/arroyitoonline.com.ar\/index.php?rest_route=\/wp\/v2\/types\/post"}],"author":[{"embeddable":true,"href":"https:\/\/arroyitoonline.com.ar\/index.php?rest_route=\/wp\/v2\/users\/3"}],"replies":[{"embeddable":true,"href":"https:\/\/arroyitoonline.com.ar\/index.php?rest_route=%2Fwp%2Fv2%2Fcomments&post=13683"}],"version-history":[{"count":1,"href":"https:\/\/arroyitoonline.com.ar\/index.php?rest_route=\/wp\/v2\/posts\/13683\/revisions"}],"predecessor-version":[{"id":13686,"href":"https:\/\/arroyitoonline.com.ar\/index.php?rest_route=\/wp\/v2\/posts\/13683\/revisions\/13686"}],"wp:featuredmedia":[{"embeddable":true,"href":"https:\/\/arroyitoonline.com.ar\/index.php?rest_route=\/wp\/v2\/media\/13684"}],"wp:attachment":[{"href":"https:\/\/arroyitoonline.com.ar\/index.php?rest_route=%2Fwp%2Fv2%2Fmedia&parent=13683"}],"wp:term":[{"taxonomy":"category","embeddable":true,"href":"https:\/\/arroyitoonline.com.ar\/index.php?rest_route=%2Fwp%2Fv2%2Fcategories&post=13683"},{"taxonomy":"post_tag","embeddable":true,"href":"https:\/\/arroyitoonline.com.ar\/index.php?rest_route=%2Fwp%2Fv2%2Ftags&post=13683"}],"curies":[{"name":"wp","href":"https:\/\/api.w.org\/{rel}","templated":true}]}}