{"id":13691,"date":"2021-09-27T19:42:23","date_gmt":"2021-09-27T19:42:23","guid":{"rendered":"https:\/\/arroyitoonline.com.ar\/?p=13691"},"modified":"2021-09-28T19:41:18","modified_gmt":"2021-09-28T19:41:18","slug":"detuvieron-a-dos-jovenes-que-se-estaban-agrediendo-y-ocasionando-danos-en-el-domicilio","status":"publish","type":"post","link":"https:\/\/arroyitoonline.com.ar\/?p=13691","title":{"rendered":"Detuvieron a dos hermanos que se estaban agrediendo y ocasionando da\u00f1os en el domicilio"},"content":{"rendered":"\n<p><strong>Tambi\u00e9n lesionaron a su hermana de 22 a\u00f1os, quien result\u00f3 con lesiones leves y fue asistida en el hospital municipal.<\/strong><\/p>\n\n\n\n<p>Este domingo a las 22:20 horas, personal policial tom\u00f3 conocimiento de un altercado familiar, en la vivienda ubicada en Pedro Navarro al 900.<\/p>\n\n\n\n<p>Cuando llegaron al lugar, los uniformados observaron una pelea entre dos hermanos de 20 a\u00f1os, producto de la cual hab\u00edan ocasionado da\u00f1os en la casa y lesionado a una de las hermanas de 22 a\u00f1os, que intervino para separarlos. <\/p>\n\n\n\n<p>Despu\u00e9s de calmar la situaci\u00f3n, identificaron y trasladaron a los sujetos a la Comisar\u00eda local quedando alojados a Disposici\u00f3n de Fiscal\u00eda de Instrucci\u00f3n de la ciudad de Arroyito.<\/p>\n\n\n\n<p>Por su parte, la joven result\u00f3 con lesiones leves y fue asistida en el hospital municipal. <\/p>\n\n\n\n<p>Fuente: secci\u00b4on Prensa UR Departamental San Justo.<\/p>\n","protected":false},"excerpt":{"rendered":"<p>Tambi\u00e9n lesionaron a su hermana de 22 a\u00f1os, quien result\u00f3 con lesiones leves y fue asistida en el hospital municipal.&hellip;<\/p>\n","protected":false},"author":3,"featured_media":9908,"comment_status":"closed","ping_status":"open","sticky":false,"template":"","format":"standard","meta":{"footnotes":""},"categories":[824],"tags":[66,67,836,266,572,635,637,638,825,808,810],"class_list":["post-13691","post","type-post","status-publish","format-standard","has-post-thumbnail","hentry","category-policiales-online","tag-arroyito","tag-arroyito-cordoba","tag-arroyito-online","tag-danos","tag-noticias-de-arroyito-y-zona","tag-policia","tag-policiales","tag-policiales-arroyito","tag-policiales-online","tag-violencia","tag-violencia-familiar"],"_links":{"self":[{"href":"https:\/\/arroyitoonline.com.ar\/index.php?rest_route=\/wp\/v2\/posts\/13691","targetHints":{"allow":["GET"]}}],"collection":[{"href":"https:\/\/arroyitoonline.com.ar\/index.php?rest_route=\/wp\/v2\/posts"}],"about":[{"href":"https:\/\/arroyitoonline.com.ar\/index.php?rest_route=\/wp\/v2\/types\/post"}],"author":[{"embeddable":true,"href":"https:\/\/arroyitoonline.com.ar\/index.php?rest_route=\/wp\/v2\/users\/3"}],"replies":[{"embeddable":true,"href":"https:\/\/arroyitoonline.com.ar\/index.php?rest_route=%2Fwp%2Fv2%2Fcomments&post=13691"}],"version-history":[{"count":2,"href":"https:\/\/arroyitoonline.com.ar\/index.php?rest_route=\/wp\/v2\/posts\/13691\/revisions"}],"predecessor-version":[{"id":13697,"href":"https:\/\/arroyitoonline.com.ar\/index.php?rest_route=\/wp\/v2\/posts\/13691\/revisions\/13697"}],"wp:featuredmedia":[{"embeddable":true,"href":"https:\/\/arroyitoonline.com.ar\/index.php?rest_route=\/wp\/v2\/media\/9908"}],"wp:attachment":[{"href":"https:\/\/arroyitoonline.com.ar\/index.php?rest_route=%2Fwp%2Fv2%2Fmedia&parent=13691"}],"wp:term":[{"taxonomy":"category","embeddable":true,"href":"https:\/\/arroyitoonline.com.ar\/index.php?rest_route=%2Fwp%2Fv2%2Fcategories&post=13691"},{"taxonomy":"post_tag","embeddable":true,"href":"https:\/\/arroyitoonline.com.ar\/index.php?rest_route=%2Fwp%2Fv2%2Ftags&post=13691"}],"curies":[{"name":"wp","href":"https:\/\/api.w.org\/{rel}","templated":true}]}}