{"id":13693,"date":"2021-09-29T03:14:09","date_gmt":"2021-09-29T03:14:09","guid":{"rendered":"https:\/\/arroyitoonline.com.ar\/?p=13693"},"modified":"2021-09-29T13:33:24","modified_gmt":"2021-09-29T13:33:24","slug":"entre-lagrimas-gabriel-camusso-celebro-su-ultima-patronal-como-parroco-de-arroyito","status":"publish","type":"post","link":"https:\/\/arroyitoonline.com.ar\/?p=13693","title":{"rendered":"Entre l\u00e1grimas, Gabriel Camusso celebr\u00f3 su \u00faltima patronal como p\u00e1rroco de Arroyito"},"content":{"rendered":"\n<p><strong>El cura recibi\u00f3 las llaves de Arroyito, de manos del intendente Benedetti. En diciembre dejar\u00e1 la ciudad.<\/strong><\/p>\n\n\n\n<p>El viernes 24 de septiembre, Arroyito celebr\u00f3 su Fiesta Patronal en Honor a la Virgen de la Merced. Una vez m\u00e1s, no hubo procesi\u00f3n por las calles c\u00e9ntricas, debido a las restricciones vigentes por la pandemia coronavirus. <\/p>\n\n\n\n<p>Durante toda la jornada, los fieles cat\u00f3licos se acercaron a la Parroquia Nuestra Se\u00f1ora de la Merced, para saludar a la santa patrona de la ciudad. La misas se desarrollaron a las 8:00, 9:00, 11:00 y 16:30 horas. Esta \u00faltima celebraci\u00f3n estuvo presidida por el obispo de la Di\u00f3cesis de San Francisco, monse\u00f1or Sergio Buenanueva.<\/p>\n\n\n\n<p>Sin dudas, esta edici\u00f3n de la <em>&#8220;Fiesta del Pueblo&#8221;<\/em> no fue una m\u00e1s, ya que se trat\u00f3 de la \u00faltima de Gabriel Bernardito Camusso como cura P\u00e1rroco de Arroyito, tras 23 a\u00f1os cumpliendo ese rol en esta comunidad. En este marco, el sacerdote fue homenajeado por el Gobierno Municipal, con la entrega de las llaves de Arroyito, por parte del intendente Gustavo Benedetti. Tambi\u00e9n se acercaron a saludarlo, quienes hab\u00edan asistido a la misa. <\/p>\n\n\n\n<p>Fue una despedida anticipada para el cura que dejar\u00e1 la Parroquia local en el mes de diciembre y ser\u00e1 reemplazado por Sergio Fern\u00e1ndez. <a href=\"https:\/\/arroyitoonline.com.ar\/info-online\/religion\/tras-23-anos-gabriel-camusso-deja-de-ser-el-cura-parroco-de-arroyito\/\" target=\"_blank\" rel=\"noreferrer noopener\">Gabriel Camusso es m\u00e1s que un sacerdote para Arroyito<\/a>. El rol pol\u00edtico y social del cura nacido en Freyre se acrecent\u00f3 en situaciones extremas como las inundaciones de los a\u00f1os 2014 y 2015. Hasta su fallecimiento, acompa\u00f1\u00f3 Mons. Juan O. Vidotto, p\u00e1rroco Em\u00e9rito de Arroyito.<\/p>\n\n\n\n<p>As\u00ed lo reflej\u00f3 Benedetti en sus palabras remarcando que, estos 23 a\u00f1os, padre Gabriel <em>&#8220;No solo fue un cura, fue un amigo m\u00e1s, que se involucr\u00f3 con cada acci\u00f3n que ha tenido que ver con la ciudad&#8221;<\/em> y agreg\u00f3 que <em>&#8220;el crecimiento y la pujanza de Arroyito tienen que ver con el compromiso de \u00e9l, que supo articular, incluso, con las otras religiones. Fue un consejero. No lo vamos a olvidar, seguro, porque es uno m\u00e1s de nosotros. Siempre presente&#8221;<\/em>.<\/p>\n","protected":false},"excerpt":{"rendered":"<p>El cura recibi\u00f3 las llaves de Arroyito, de manos del intendente Benedetti. En diciembre dejar\u00e1 la ciudad. El viernes 24&hellip;<\/p>\n","protected":false},"author":3,"featured_media":13694,"comment_status":"closed","ping_status":"open","sticky":false,"template":"","format":"standard","meta":{"footnotes":""},"categories":[935],"tags":[66,67,836,115,261,1280,1102,968,431,432,572,936],"class_list":["post-13693","post","type-post","status-publish","format-standard","has-post-thumbnail","hentry","category-religion","tag-arroyito","tag-arroyito-cordoba","tag-arroyito-online","tag-benedetti","tag-cura","tag-gabriel-camusso","tag-gobierno-municipal","tag-gustavo-benedetti","tag-iglesia","tag-iglesia-catolica","tag-noticias-de-arroyito-y-zona","tag-religion-2"],"_links":{"self":[{"href":"https:\/\/arroyitoonline.com.ar\/index.php?rest_route=\/wp\/v2\/posts\/13693","targetHints":{"allow":["GET"]}}],"collection":[{"href":"https:\/\/arroyitoonline.com.ar\/index.php?rest_route=\/wp\/v2\/posts"}],"about":[{"href":"https:\/\/arroyitoonline.com.ar\/index.php?rest_route=\/wp\/v2\/types\/post"}],"author":[{"embeddable":true,"href":"https:\/\/arroyitoonline.com.ar\/index.php?rest_route=\/wp\/v2\/users\/3"}],"replies":[{"embeddable":true,"href":"https:\/\/arroyitoonline.com.ar\/index.php?rest_route=%2Fwp%2Fv2%2Fcomments&post=13693"}],"version-history":[{"count":4,"href":"https:\/\/arroyitoonline.com.ar\/index.php?rest_route=\/wp\/v2\/posts\/13693\/revisions"}],"predecessor-version":[{"id":13705,"href":"https:\/\/arroyitoonline.com.ar\/index.php?rest_route=\/wp\/v2\/posts\/13693\/revisions\/13705"}],"wp:featuredmedia":[{"embeddable":true,"href":"https:\/\/arroyitoonline.com.ar\/index.php?rest_route=\/wp\/v2\/media\/13694"}],"wp:attachment":[{"href":"https:\/\/arroyitoonline.com.ar\/index.php?rest_route=%2Fwp%2Fv2%2Fmedia&parent=13693"}],"wp:term":[{"taxonomy":"category","embeddable":true,"href":"https:\/\/arroyitoonline.com.ar\/index.php?rest_route=%2Fwp%2Fv2%2Fcategories&post=13693"},{"taxonomy":"post_tag","embeddable":true,"href":"https:\/\/arroyitoonline.com.ar\/index.php?rest_route=%2Fwp%2Fv2%2Ftags&post=13693"}],"curies":[{"name":"wp","href":"https:\/\/api.w.org\/{rel}","templated":true}]}}