{"id":13710,"date":"2021-09-29T14:54:12","date_gmt":"2021-09-29T14:54:12","guid":{"rendered":"https:\/\/arroyitoonline.com.ar\/?p=13710"},"modified":"2021-09-29T14:54:13","modified_gmt":"2021-09-29T14:54:13","slug":"la-cantante-de-arroyito-jaquelina-lencinas-lanzo-su-album-raices-de-un-sueno","status":"publish","type":"post","link":"https:\/\/arroyitoonline.com.ar\/?p=13710","title":{"rendered":"La cantante de Arroyito Jaquelina Lencinas lanz\u00f3 su \u00e1lbum &#8220;Ra\u00edces de un sue\u00f1o&#8221;"},"content":{"rendered":"\n<p><strong>La producci\u00f3n, grabaci\u00f3n, mezcla y el m\u00e1stering estuvieron a cargo de Mauricio Lencina y Gerardo Lemos.<\/strong> <\/p>\n\n\n\n<p>El pasado s\u00e1bado 25 de septiembre se lanz\u00f3 al p\u00fablico, \u201cRa\u00edces de un sue\u00f1o\u201d, el primer \u00e1lbum de la artista de Arroyito Jaquelina Lencinas.<\/p>\n\n\n\n<p>Se trata de un \u00e1lbum compuesto por tres canciones folcl\u00f3ricas argentinas. La producci\u00f3n, grabaci\u00f3n, mezcla y el m\u00e1stering estuvieron a cargo de Mauricio Lencina y Gerardo Lemos. El arte de tapa fue creado por Emma Nu\u00f1ez a partir de fotograf\u00edas tomadas por Luis Alberto Paes.<\/p>\n\n\n\n<p>Jaquelina Lencinas es una cantante y autora de la ciudad de Arroyito, que comenz\u00f3 a forjar su carrera art\u00edstica hace cinco a\u00f1os, armando repertorio y definiendo su estilo, junto a su profesora de canto Sole Su\u00e1rez Deleu.<\/p>\n\n\n\n<figure class=\"wp-block-embed-youtube aligncenter wp-block-embed is-type-video is-provider-youtube wp-embed-aspect-16-9 wp-has-aspect-ratio\"><div class=\"wp-block-embed__wrapper\">\n<div class=\"epyt-video-wrapper\"><iframe loading=\"lazy\"  style=\"display: block; margin: 0px auto;\"  id=\"_ytid_73419\"  width=\"1140\" height=\"641\"  data-origwidth=\"1140\" data-origheight=\"641\" src=\"https:\/\/www.youtube.com\/embed\/WUAt_0SfUPo?enablejsapi=1&#038;autoplay=0&#038;cc_load_policy=1&#038;cc_lang_pref=&#038;iv_load_policy=3&#038;loop=0&#038;rel=1&#038;fs=1&#038;playsinline=0&#038;autohide=2&#038;theme=dark&#038;color=red&#038;controls=1&#038;disablekb=0&#038;\" class=\"__youtube_prefs__  epyt-is-override  no-lazyload\" title=\"YouTube player\"  allow=\"fullscreen; accelerometer; autoplay; clipboard-write; encrypted-media; gyroscope; picture-in-picture; web-share\" referrerpolicy=\"strict-origin-when-cross-origin\" allowfullscreen data-no-lazy=\"1\" data-skipgform_ajax_framebjll=\"\"><\/iframe><\/div>\n<\/div><figcaption><em>Ya est\u00e1 disponible el corte de difusi\u00b4\u00f3n \u201cChacarera de las piedras\u201d.<\/em><\/figcaption><\/figure>\n\n\n\n<p>El corte de difusi\u00f3n del \u00e1lbum es \u201cChacarera de las piedras\u201d (Atahualpa Yupanqui), que fue presentado como videoclip el s\u00e1bado, en el canal de Youtube de Jaquelina. \u201cChacarera del cardenal\u201d (Jacinto Piedra) y \u201cPodr\u00e1s\u201d (Jorge Omar Milikota \u2013 Ignacio Juli\u00e1n G\u00f3mez), son las dem\u00e1s canciones que conforman este trabajo discogr\u00e1fico y ya est\u00e1n disponibles tambi\u00e9n en Spotify, iTunes, Deezer, Amazon Music, Tidal, Google Play y dem\u00e1s plataformas de streaming.<\/p>\n\n\n\n<p><em>\u201cRa\u00edces de un sue\u00f1o es un proyecto hermoso que refleja de manera art\u00edstica lo que significa para mi nuestro folclore. La m\u00fasica es lo que me hace feliz, es el refugio m\u00e1s seguro que encontr\u00e9 en la vida. El arte de cantar es bell\u00edsimo, este camino me llevo a encontrar a mi profesora, que me lleno el alma. Cantar me transporta, me hace so\u00f1ar, estremece mi ser y mi coraz\u00f3n sonr\u00ede\u201d<\/em>, expres\u00f3 la artista.<\/p>\n","protected":false},"excerpt":{"rendered":"<p>La producci\u00f3n, grabaci\u00f3n, mezcla y el m\u00e1stering estuvieron a cargo de Mauricio Lencina y Gerardo Lemos. El pasado s\u00e1bado 25&hellip;<\/p>\n","protected":false},"author":3,"featured_media":13713,"comment_status":"closed","ping_status":"open","sticky":false,"template":"","format":"standard","meta":{"footnotes":""},"categories":[826],"tags":[66,67,836,351,862,382,559,572],"class_list":["post-13710","post","type-post","status-publish","format-standard","has-post-thumbnail","hentry","category-espectaculos-online","tag-arroyito","tag-arroyito-cordoba","tag-arroyito-online","tag-espectaculos","tag-espectaculos-online","tag-folclore","tag-musica","tag-noticias-de-arroyito-y-zona"],"_links":{"self":[{"href":"https:\/\/arroyitoonline.com.ar\/index.php?rest_route=\/wp\/v2\/posts\/13710","targetHints":{"allow":["GET"]}}],"collection":[{"href":"https:\/\/arroyitoonline.com.ar\/index.php?rest_route=\/wp\/v2\/posts"}],"about":[{"href":"https:\/\/arroyitoonline.com.ar\/index.php?rest_route=\/wp\/v2\/types\/post"}],"author":[{"embeddable":true,"href":"https:\/\/arroyitoonline.com.ar\/index.php?rest_route=\/wp\/v2\/users\/3"}],"replies":[{"embeddable":true,"href":"https:\/\/arroyitoonline.com.ar\/index.php?rest_route=%2Fwp%2Fv2%2Fcomments&post=13710"}],"version-history":[{"count":2,"href":"https:\/\/arroyitoonline.com.ar\/index.php?rest_route=\/wp\/v2\/posts\/13710\/revisions"}],"predecessor-version":[{"id":13712,"href":"https:\/\/arroyitoonline.com.ar\/index.php?rest_route=\/wp\/v2\/posts\/13710\/revisions\/13712"}],"wp:featuredmedia":[{"embeddable":true,"href":"https:\/\/arroyitoonline.com.ar\/index.php?rest_route=\/wp\/v2\/media\/13713"}],"wp:attachment":[{"href":"https:\/\/arroyitoonline.com.ar\/index.php?rest_route=%2Fwp%2Fv2%2Fmedia&parent=13710"}],"wp:term":[{"taxonomy":"category","embeddable":true,"href":"https:\/\/arroyitoonline.com.ar\/index.php?rest_route=%2Fwp%2Fv2%2Fcategories&post=13710"},{"taxonomy":"post_tag","embeddable":true,"href":"https:\/\/arroyitoonline.com.ar\/index.php?rest_route=%2Fwp%2Fv2%2Ftags&post=13710"}],"curies":[{"name":"wp","href":"https:\/\/api.w.org\/{rel}","templated":true}]}}