{"id":13714,"date":"2021-09-30T13:44:43","date_gmt":"2021-09-30T13:44:43","guid":{"rendered":"https:\/\/arroyitoonline.com.ar\/?p=13714"},"modified":"2021-09-30T13:44:44","modified_gmt":"2021-09-30T13:44:44","slug":"covid-19-arroyito-termina-septiembre-sin-casos-positivos-y-con-34000-vacunas-colocadas","status":"publish","type":"post","link":"https:\/\/arroyitoonline.com.ar\/?p=13714","title":{"rendered":"Covid-19: Arroyito termina septiembre sin casos positivos y con 34000 vacunas colocadas"},"content":{"rendered":"\n<p><strong>Adem\u00e1s, el CEA comunic\u00f3 que ya se recuperaron 3709 personas y se lamenta el fallecimiento de 78 vecinos.<\/strong><\/p>\n\n\n\n<p>Seg\u00fan lo inform\u00f3 hoy el Centro de Emergencias, <strong>Arroyito lleg\u00f3 a cero casos positivos activos de Covid-19<\/strong>. Luego de atravesar meses en los que se registraron hasta 135 nuevos pacientes positivos en un d\u00eda y m\u00e1s de 500 activos acumulados, hoy la realidad ha cambiado, <em>&#8220;gracias a que los esfuerzos de todos han dado resultado&#8221;<\/em>, indicaron desde el CEA.<\/p>\n\n\n\n<p>El factor determinante, adem\u00e1s del mantenimiento y sostenimiento de los cuidados, es tambi\u00e9n el alto nivel de vacunaci\u00f3n que ha concretado el equipo de inmunizaci\u00f3n a cargo de la m\u00e9dica Infect\u00f3loga M\u00f3nica Rodr\u00edguez. Hoy son m\u00e1s de 34.500 las dosis colocadas de vacunas contra el coronavirus.<\/p>\n\n\n\n<p>En la actualidad se est\u00e1 avanzando en la inoculaci\u00f3n de los menores de 12 a 17 a\u00f1os y se realizar\u00e1n reempadronamientos en los barrios para la detecci\u00f3n de los vecinos a los cuales les falten sus dosis para completar sus esquemas de vacunaci\u00f3n.<\/p>\n\n\n\n<p>Adem\u00e1s, el CEA comunic\u00f3 que ya <strong>se recuperaron 3709 personas y se lamenta el fallecimiento de 78 vecinos<\/strong>, incluida una mujer que muri\u00f3\u00a0durante este mes. Por otra parte, se han acompa\u00f1ado a <strong>14800 personas que fueron contactos estrechos de los positivos <\/strong>(convivientes o no).<\/p>\n\n\n\n<p>Tambi\u00e9n los constantes operativos de testeos masivos que esta gesti\u00f3n desarrolla de manera constante, por los que ya pasaron m\u00e1s de 24000 vecinos, fueron un factor determinante para el aplanamiento de la curva.<\/p>\n\n\n\n<p>En este marco, cuando recibi\u00f3 los datos, el intendente Benedetti expres\u00f3 que<em> \u201cHemos pasado tiempos muy dif\u00edciles. Esta pandemia nos llev\u00f3 a seres muy queridos, m\u00e1s de un arroyitense pas\u00f3 por lo mismo, pero no bajamos los brazos, por lo contrario, redoblamos los esfuerzos&#8221;<\/em>.<\/p>\n\n\n\n<p>&#8220;No quiero dejar de decir gracias a los equipos de salud, a cada voluntario que se comprometi\u00f3 colaborando en las distintas acciones y finalmente a cada vecino de esta ciudad y sus parajes. Tenemos que seguir cuid\u00e1ndonos, vacun\u00e1ndonos y sostener los cuidados en el tiempo. A esto lo logramos todos juntos\u201d, sostuvo el primer mandatario. <\/p>\n","protected":false},"excerpt":{"rendered":"<p>Adem\u00e1s, el CEA comunic\u00f3 que ya se recuperaron 3709 personas y se lamenta el fallecimiento de 78 vecinos. Seg\u00fan lo&hellip;<\/p>\n","protected":false},"author":3,"featured_media":13146,"comment_status":"closed","ping_status":"open","sticky":false,"template":"","format":"standard","meta":{"footnotes":""},"categories":[9],"tags":[66,67,836,1149,1108,1152,572,705,706,790,1219],"class_list":["post-13714","post","type-post","status-publish","format-standard","has-post-thumbnail","hentry","category-infosalud","tag-arroyito","tag-arroyito-cordoba","tag-arroyito-online","tag-centro-de-emergencias-de-arroyito","tag-coronavirus","tag-covid-19","tag-noticias-de-arroyito-y-zona","tag-salon-parroquial","tag-salud","tag-vacunacion","tag-vacunacion-covid-19"],"_links":{"self":[{"href":"https:\/\/arroyitoonline.com.ar\/index.php?rest_route=\/wp\/v2\/posts\/13714","targetHints":{"allow":["GET"]}}],"collection":[{"href":"https:\/\/arroyitoonline.com.ar\/index.php?rest_route=\/wp\/v2\/posts"}],"about":[{"href":"https:\/\/arroyitoonline.com.ar\/index.php?rest_route=\/wp\/v2\/types\/post"}],"author":[{"embeddable":true,"href":"https:\/\/arroyitoonline.com.ar\/index.php?rest_route=\/wp\/v2\/users\/3"}],"replies":[{"embeddable":true,"href":"https:\/\/arroyitoonline.com.ar\/index.php?rest_route=%2Fwp%2Fv2%2Fcomments&post=13714"}],"version-history":[{"count":1,"href":"https:\/\/arroyitoonline.com.ar\/index.php?rest_route=\/wp\/v2\/posts\/13714\/revisions"}],"predecessor-version":[{"id":13715,"href":"https:\/\/arroyitoonline.com.ar\/index.php?rest_route=\/wp\/v2\/posts\/13714\/revisions\/13715"}],"wp:featuredmedia":[{"embeddable":true,"href":"https:\/\/arroyitoonline.com.ar\/index.php?rest_route=\/wp\/v2\/media\/13146"}],"wp:attachment":[{"href":"https:\/\/arroyitoonline.com.ar\/index.php?rest_route=%2Fwp%2Fv2%2Fmedia&parent=13714"}],"wp:term":[{"taxonomy":"category","embeddable":true,"href":"https:\/\/arroyitoonline.com.ar\/index.php?rest_route=%2Fwp%2Fv2%2Fcategories&post=13714"},{"taxonomy":"post_tag","embeddable":true,"href":"https:\/\/arroyitoonline.com.ar\/index.php?rest_route=%2Fwp%2Fv2%2Ftags&post=13714"}],"curies":[{"name":"wp","href":"https:\/\/api.w.org\/{rel}","templated":true}]}}