{"id":13716,"date":"2021-09-30T21:52:13","date_gmt":"2021-09-30T21:52:13","guid":{"rendered":"https:\/\/arroyitoonline.com.ar\/?p=13716"},"modified":"2021-09-30T21:52:14","modified_gmt":"2021-09-30T21:52:14","slug":"schiaretti-y-benedetti-inauguraron-la-obra-troncal-de-cloacas-del-sur","status":"publish","type":"post","link":"https:\/\/arroyitoonline.com.ar\/?p=13716","title":{"rendered":"Schiaretti y Benedetti inauguraron la obra troncal de cloacas del sur"},"content":{"rendered":"\n<p><strong>La infraestructura permite elevar la cobertura al 95% de nuestra ciudad, beneficiando a 15 mil habitantes.<\/strong><\/p>\n\n\n\n<p>Esta ma\u00f1ana, el gobernador, Juan Schiaretti, habilit\u00f3\u00a0<strong>infraestructura de saneamiento cloacal\u00a0<\/strong>en nuestra ciudad.<\/p>\n\n\n\n<p>\u201c<em>Estamos poniendo en marcha una obra que es central para el progreso de Arroyito y para la vida de los habitantes del sur de Arroyito. Son obras que no se ven, pero tienen que ver con la salud, el cuidado del medio ambiente y la producci\u00f3n\u201d<\/em>, manifest\u00f3 el primer mandatario provincial. <\/p>\n\n\n\n<p>Tambi\u00e9n estuvieron presentes el vicegobernador, Manuel Calvo; el ministro de Servicios P\u00fablicos, Fabi\u00e1n L\u00f3pez; el intendente local, Gustavo Benedetti; su par de San Francisco, Ignacio Garc\u00eda Aresca; y los legisladores provinciales Alejandra Piasco y Ram\u00f3n Girardi.<\/p>\n\n\n\n<p>\u201c<em>Todas las&nbsp;obras de infraestructura, desde los gasoductos troncales que llegaron al departamento San Justo, como las rutas que vamos haciendo, van en el sentido de darle m\u00e1s seguridad y tranquilidad a la gente, y mejorar la producci\u00f3n\u201d<\/em>, afirm\u00f3 el gobernador.<\/p>\n\n\n\n<p>La &#8220;Cloaca M\u00e1xima e Instalaciones Complementarias para Zona Sur&#8221; beneficiar\u00e1 a\u00a0<strong>15000 habitantes<\/strong>\u00a0y fue financiada a trav\u00e9s del Programa de Desarrollo de los Servicios de Agua Potable y Saneamiento \u2013 Plan Belgrano Pr\u00e9stamo BID 4312\/OC. La inversi\u00f3n super\u00f3 los\u00a0<strong>$178 millones.<\/strong><\/p>\n\n\n\n<p><em>\u201cArroyito es una ciudad que no s\u00f3lo tiene la mayor empresa alimenticia de Argentina y tal vez del mundo, como es Arcor, sino que tiene otras empresas y f\u00e1bricas de alimentos; por lo tanto precisa tener saneamiento, para que siempre haya agua en condiciones normales\u201d<\/em>, mencion\u00f3 el primer mandatario cordob\u00e9s.<\/p>\n\n\n\n<p>El proyecto cont\u00f3 con la participaci\u00f3n del\u00a0<strong>Complejo Industrial Arroyito de Grupo Arcor<\/strong>, que brinda el servicio para el tratamiento de efluentes cloacales de la ciudad, con el objetivo de contribuir a su desarrollo sustentable.<\/p>\n\n\n\n<p>En este sentido, el ministro L\u00f3pez explic\u00f3 que\u00a0<em>\u201cEsta obra viene a permitir garantizar la cobertura de toda una zona de la localidad que hab\u00eda quedado afuera del servicio de saneamiento y de cloacas\u201d<\/em>, y a\u00f1adi\u00f3:<em>\u00a0\u201cDurante su construcci\u00f3n, se generaron tambi\u00e9n 30 nuevos puestos de trabajo\u201d.<\/em><\/p>\n\n\n\n<div class=\"wp-block-image\"><figure class=\"aligncenter size-large\"><img loading=\"lazy\" decoding=\"async\" width=\"1024\" height=\"683\" src=\"https:\/\/arroyitoonline.com.ar\/wp-content\/uploads\/2021\/09\/cloaca-m\u00e1xima-1024x683.jpg\" alt=\"\" class=\"wp-image-13718\" srcset=\"https:\/\/arroyitoonline.com.ar\/wp-content\/uploads\/2021\/09\/cloaca-m\u00e1xima-1024x683.jpg 1024w, https:\/\/arroyitoonline.com.ar\/wp-content\/uploads\/2021\/09\/cloaca-m\u00e1xima-300x200.jpg 300w, https:\/\/arroyitoonline.com.ar\/wp-content\/uploads\/2021\/09\/cloaca-m\u00e1xima-768x512.jpg 768w, https:\/\/arroyitoonline.com.ar\/wp-content\/uploads\/2021\/09\/cloaca-m\u00e1xima.jpg 1368w\" sizes=\"auto, (max-width: 1024px) 100vw, 1024px\" \/><figcaption><em>Se habilit\u00f3 la &#8220;Cloaca M\u00e1xima e Instalaciones Complementarias para Zona Sur&#8221;. <\/em><\/figcaption><\/figure><\/div>\n\n\n\n<p>A su vez, Grupo Arcor don\u00f3 los terrenos para la construcci\u00f3n de la\u00a0<strong>nueva planta de pretratamiento de efluentes cloacales<\/strong>\u00a0y realiz\u00f3 un aporte t\u00e9cnico y acompa\u00f1amiento de especialistas para su dise\u00f1o y ejecuci\u00f3n, a trav\u00e9s de la articulaci\u00f3n p\u00fablico-privada.<\/p>\n\n\n\n<p>A su turno, el intendente de la localidad, Gustavo Bendetti, destac\u00f3 que la obra era anhelada por los habitantes de la ciudad y remarc\u00f3 que el Gobierno Provincial impulsa<em>&nbsp;\u201carticular programas y trabajar en conjunto; en muchas ocasiones financiado por la Provincia y en otros acompa\u00f1ando nosotros con la financiaci\u00f3n, pero siempre llegando al beneficio del vecino\u201d.<\/em><\/p>\n\n\n\n<h3 class=\"wp-block-heading\"><strong>Compromiso con la producci\u00f3n<\/strong><\/h3>\n\n\n\n<p>Durante el acto, el Gobernador afianz\u00f3 su compromiso con la generaci\u00f3n de empleo y el sector productivo recalcando que \u201c<em>Nunca vamos a tomar una medida que cercene la producci\u00f3n. Por eso C\u00f3rdoba plantea que (las retenciones) se pongan a cuenta del Impuesto a las Ganancias y que se terminen de una buena vez en nuestra patria<\/em>\u201d.<\/p>\n\n\n\n<p>Y agreg\u00f3:\u00a0<em>\u201cLos cordobeses aportamos cerca del 30% de lo que recibe el fisco nacional, se imaginan cu\u00e1ntas escuelas podr\u00edamos hacer en C\u00f3rdoba, es el equivalente a mil escuelas Proa, es el equivalente a 66.500 viviendas, en un a\u00f1o. Eso es lo que pone a la Provincia en el tesoro nacional y nosotros no queremos ning\u00fan privilegio, queremos que esa plata quede en C\u00f3rdoba\u201d.<\/em><\/p>\n\n\n\n<h3 class=\"wp-block-heading\"><strong>Sobre la obra<\/strong><\/h3>\n\n\n\n<p>La infraestructura consta de la instalaci\u00f3n de<strong>\u00a05100 metros de cloaca m\u00e1xima<\/strong>, 48 bocas de registro, una\u00a0<strong>estaci\u00f3n de bombeo<\/strong>, una<strong>\u00a0planta de pretratamiento\u00a0<\/strong>para adecuar el efluente cloacal previo a su vuelco en la planta de tratamiento existente en el Complejo Industrial Arroyito de Grupo Arcor y\u00a0<strong>810 metros de ca\u00f1er\u00eda de descarga<\/strong>, siendo el R\u00edo Xanaes el destino final del efluente tratado.<\/p>\n\n\n\n<p>Cabe destacar que, en la actualidad, la red colectora cloacal tiene una cobertura aproximada del 70% de la poblaci\u00f3n de la zona norte de la localidad, en tanto los efluentes cloacales generados son volcados a la planta de tratamiento de l\u00edquidos residuales del Grupo Arcor, mediante un convenio establecido con el Municipio de Arroyito.<\/p>\n\n\n\n<p>Con la ejecuci\u00f3n de esta obra, que demand\u00f3 un plazo de 17 meses, se eleva al 95% el \u00e1rea de cobertura, logrando de esta forma, poder continuar con el proceso de urbanizaci\u00f3n hacia el sur de forma ordenada, segura y sustentable desde el punto de vista ambiental, lo cual solo es posible incorporando el servicio de cloacas.<\/p>\n\n\n\n<h3 class=\"wp-block-heading\"><strong>Estaci\u00f3n transformadora<\/strong><\/h3>\n\n\n\n<p>El gobernador destac\u00f3 la finalizaci\u00f3n de la ampliaci\u00f3n de la estaci\u00f3n transformadora de EPEC. \u201c<em>Es una inversi\u00f3n de otros 180 millones de pesos. Estas dos obras son absolutamente necesarias para que Arroyito siga progresando y cuidando a sus habitantes\u00bb<\/em>, dijo<\/p>\n\n\n\n<p>Y remarc\u00f3 que tambi\u00e9n se est\u00e1 completando la pavimentaci\u00f3n del corredor que va desde Toro Pujio hasta La Para. \u201c<em>Ya se inici\u00f3 la obra; vamos a hacer un corredor desde la 17 hasta la ruta 3. Espero que en un a\u00f1o y poco quede completada\u201d.<\/em><\/p>\n\n\n\n<p>Fuente: prensa.cba.gov.ar.<\/p>\n","protected":false},"excerpt":{"rendered":"<p>La infraestructura permite elevar la cobertura al 95% de nuestra ciudad, beneficiando a 15 mil habitantes. Esta ma\u00f1ana, el gobernador,&hellip;<\/p>\n","protected":false},"author":3,"featured_media":13719,"comment_status":"closed","ping_status":"open","sticky":false,"template":"","format":"standard","meta":{"footnotes":""},"categories":[879],"tags":[66,67,836,115,205,968,1018,572,717,720,731,732],"class_list":["post-13716","post","type-post","status-publish","format-standard","has-post-thumbnail","hentry","category-servicios-publicos","tag-arroyito","tag-arroyito-cordoba","tag-arroyito-online","tag-benedetti","tag-cloacas","tag-gustavo-benedetti","tag-manuel-calvo","tag-noticias-de-arroyito-y-zona","tag-schiaretti","tag-sector-sur","tag-servicios","tag-servicios-publicos"],"_links":{"self":[{"href":"https:\/\/arroyitoonline.com.ar\/index.php?rest_route=\/wp\/v2\/posts\/13716","targetHints":{"allow":["GET"]}}],"collection":[{"href":"https:\/\/arroyitoonline.com.ar\/index.php?rest_route=\/wp\/v2\/posts"}],"about":[{"href":"https:\/\/arroyitoonline.com.ar\/index.php?rest_route=\/wp\/v2\/types\/post"}],"author":[{"embeddable":true,"href":"https:\/\/arroyitoonline.com.ar\/index.php?rest_route=\/wp\/v2\/users\/3"}],"replies":[{"embeddable":true,"href":"https:\/\/arroyitoonline.com.ar\/index.php?rest_route=%2Fwp%2Fv2%2Fcomments&post=13716"}],"version-history":[{"count":1,"href":"https:\/\/arroyitoonline.com.ar\/index.php?rest_route=\/wp\/v2\/posts\/13716\/revisions"}],"predecessor-version":[{"id":13720,"href":"https:\/\/arroyitoonline.com.ar\/index.php?rest_route=\/wp\/v2\/posts\/13716\/revisions\/13720"}],"wp:featuredmedia":[{"embeddable":true,"href":"https:\/\/arroyitoonline.com.ar\/index.php?rest_route=\/wp\/v2\/media\/13719"}],"wp:attachment":[{"href":"https:\/\/arroyitoonline.com.ar\/index.php?rest_route=%2Fwp%2Fv2%2Fmedia&parent=13716"}],"wp:term":[{"taxonomy":"category","embeddable":true,"href":"https:\/\/arroyitoonline.com.ar\/index.php?rest_route=%2Fwp%2Fv2%2Fcategories&post=13716"},{"taxonomy":"post_tag","embeddable":true,"href":"https:\/\/arroyitoonline.com.ar\/index.php?rest_route=%2Fwp%2Fv2%2Ftags&post=13716"}],"curies":[{"name":"wp","href":"https:\/\/api.w.org\/{rel}","templated":true}]}}