{"id":13722,"date":"2021-10-02T22:00:22","date_gmt":"2021-10-02T22:00:22","guid":{"rendered":"https:\/\/arroyitoonline.com.ar\/?p=13722"},"modified":"2021-10-02T22:00:24","modified_gmt":"2021-10-02T22:00:24","slug":"javier-novara-si-se-aprueba-vamos-a-hacer-entre-150-y-200-castraciones-por-mes","status":"publish","type":"post","link":"https:\/\/arroyitoonline.com.ar\/?p=13722","title":{"rendered":"Javier Novara: &#8220;si se aprueba vamos a hacer entre 150 y 200 castraciones por mes&#8221;"},"content":{"rendered":"\n<p><strong>El coordinador de Gabinete habl\u00f3 sobre el<em> &#8220;Nuevo R\u00e9gimen Regulatorio para el Control y Equilibrio Poblacional de Perros y Gatos&#8221;<\/em>.<\/strong><\/p>\n\n\n\n<p>Ayer, en comunicaci\u00f3n telef\u00f3nica con <strong>LATE Radio 104.9<\/strong>, el coordinador de Gabinete del Gobierno Municipal, Javier Novara, se refiri\u00f3 al proyecto de ordenanza: <em>&#8220;Nuevo R\u00e9gimen Regulatorio para el Control y Equilibrio Poblacional de Perros y Gatos&#8221;.<\/em> <\/p>\n\n\n\n<p>El tema fue enviado al Concejo Deliberante por el Ejecutivo juntamente con los ediles del oficialismo. En la sesi\u00f3n ordinaria del jueves 30 de septiembre, los concejales de Todos Juntos por Arroyito propusieron su tratamiento sobre tablas, lo cual fue aceptado por la oposici\u00f3n.<\/p>\n\n\n\n<p>Pero, tras la lectura de los 36 art\u00edculos que componen este nuevo r\u00e9gimen, surgieron las dudas y se abri\u00f3 el debate con el p\u00fablico, que hab\u00eda colmado el Teatrillo Municipal Jos\u00e9 F. Guarch. <\/p>\n\n\n\n<p>Fue entonces cuando el cuerpo deliberativo decidi\u00f3 pasar a un cuarto intermedio hasta nuevo aviso. Por lo tanto, la pr\u00f3xima vez que sesionen, continuar\u00e1n con el tratamiento de este proyecto y se conocer\u00e1 el voto de cada bloque. <\/p>\n\n\n\n<p><strong>Para Novara es un tema de salud p\u00fablica<\/strong><\/p>\n\n\n\n<p>En este marco, Novara aclar\u00f3 que <em>&#8220;El fin principal es la castraci\u00f3n. La madre del proyecto es el llamado a concurso para cubrir el cargo de profesional veterinario a cargo del Centro de Zoonosis, para efectuar las castraciones m\u00ednimas que son necesarias de acuerdo a las consultas t\u00e9cnicas que hicimos, para lograr el ordenamiento sanitario de estos animales, con buen trato&#8221;<\/em>. <\/p>\n\n\n\n<p>En este sentido, el coordinador de Gabinete especific\u00f3 que en Arroyito hay alrededor de 15000 felinos y caninos. De aprobarse el proyecto, el Gobierno local prev\u00e9 la realizaci\u00f3n de entre 120 y 200 esterilizaciones al mes<em> &#8220;para lograr equilibrar y lograr un ordenamiento&#8221;<\/em>. Tambi\u00e9n asegur\u00f3 que est\u00e1 medida de salud p\u00fablica <em>&#8220;Debe ser sostenida en el tiempo, y est\u00e1 pensada de esta manera, independiente de qui\u00e9n est\u00e9 gobernando&#8221;<\/em>.<\/p>\n\n\n\n<p>Adem\u00e1s, el exconcejal ratific\u00f3 que el Ejecutivo <em>&#8220;acompa\u00f1\u00f3 en funci\u00f3n del pedido de las entidades intermedias que se dedican al cuidado de los animales desinteresadamente, buscando la castraci\u00f3n de los animales dada la cantidad que hay en la v\u00eda p\u00fablica, que se va agravando d\u00eda a d\u00eda&#8221;<\/em>.<\/p>\n","protected":false},"excerpt":{"rendered":"<p>El coordinador de Gabinete habl\u00f3 sobre el &#8220;Nuevo R\u00e9gimen Regulatorio para el Control y Equilibrio Poblacional de Perros y Gatos&#8221;.&hellip;<\/p>\n","protected":false},"author":3,"featured_media":13724,"comment_status":"closed","ping_status":"open","sticky":false,"template":"","format":"standard","meta":{"footnotes":""},"categories":[913],"tags":[52,66,67,836,162,891,227,243,1102,528,572,1002,918],"class_list":["post-13722","post","type-post","status-publish","format-standard","has-post-thumbnail","hentry","category-medio-ambiente","tag-animales","tag-arroyito","tag-arroyito-cordoba","tag-arroyito-online","tag-castraciones","tag-concejales","tag-concejo-deliberante","tag-corazon-de-trapo","tag-gobierno-municipal","tag-medio-ambiente","tag-noticias-de-arroyito-y-zona","tag-novara","tag-politica-online"],"_links":{"self":[{"href":"https:\/\/arroyitoonline.com.ar\/index.php?rest_route=\/wp\/v2\/posts\/13722","targetHints":{"allow":["GET"]}}],"collection":[{"href":"https:\/\/arroyitoonline.com.ar\/index.php?rest_route=\/wp\/v2\/posts"}],"about":[{"href":"https:\/\/arroyitoonline.com.ar\/index.php?rest_route=\/wp\/v2\/types\/post"}],"author":[{"embeddable":true,"href":"https:\/\/arroyitoonline.com.ar\/index.php?rest_route=\/wp\/v2\/users\/3"}],"replies":[{"embeddable":true,"href":"https:\/\/arroyitoonline.com.ar\/index.php?rest_route=%2Fwp%2Fv2%2Fcomments&post=13722"}],"version-history":[{"count":2,"href":"https:\/\/arroyitoonline.com.ar\/index.php?rest_route=\/wp\/v2\/posts\/13722\/revisions"}],"predecessor-version":[{"id":13725,"href":"https:\/\/arroyitoonline.com.ar\/index.php?rest_route=\/wp\/v2\/posts\/13722\/revisions\/13725"}],"wp:featuredmedia":[{"embeddable":true,"href":"https:\/\/arroyitoonline.com.ar\/index.php?rest_route=\/wp\/v2\/media\/13724"}],"wp:attachment":[{"href":"https:\/\/arroyitoonline.com.ar\/index.php?rest_route=%2Fwp%2Fv2%2Fmedia&parent=13722"}],"wp:term":[{"taxonomy":"category","embeddable":true,"href":"https:\/\/arroyitoonline.com.ar\/index.php?rest_route=%2Fwp%2Fv2%2Fcategories&post=13722"},{"taxonomy":"post_tag","embeddable":true,"href":"https:\/\/arroyitoonline.com.ar\/index.php?rest_route=%2Fwp%2Fv2%2Ftags&post=13722"}],"curies":[{"name":"wp","href":"https:\/\/api.w.org\/{rel}","templated":true}]}}