{"id":13766,"date":"2021-10-07T13:57:58","date_gmt":"2021-10-07T13:57:58","guid":{"rendered":"https:\/\/arroyitoonline.com.ar\/?p=13766"},"modified":"2021-10-07T14:28:19","modified_gmt":"2021-10-07T14:28:19","slug":"cinema-2000-recibe-al-primer-festival-de-cine-cordobes-fecico","status":"publish","type":"post","link":"https:\/\/arroyitoonline.com.ar\/?p=13766","title":{"rendered":"Cinema 2000 recibe al Primer Festival de Cine Cordob\u00e9s (Fecico)"},"content":{"rendered":"\n<p><strong>En Arroyito se proyectar\u00e1n tres pel\u00edculas y un documental, en todos los casos producidos en C\u00f3rdoba. <\/strong><\/p>\n\n\n\n<p>El <strong>Polo Audiovisual del Gobierno de C\u00f3rdoba<\/strong> organiza el <strong>Primer Festival de Cine Cordob\u00e9s (Fecico)<\/strong>. Ser\u00e1 desde el 7 de octubre hasta el 3 de noviembre. Habr\u00e1 cientos de funciones y veladas de gala, con la presencia de talentos de C\u00f3rdoba y nacionales en las principales salas cordobesas. Cinema 2000 de nuestra ciudad ser\u00e1 parte de este primer encuentro audiovisual en la provincia. <\/p>\n\n\n\n<figure class=\"wp-block-video aligncenter\"><video height=\"1080\" style=\"aspect-ratio: 1920 \/ 1080;\" width=\"1920\" controls src=\"https:\/\/arroyitoonline.com.ar\/wp-content\/uploads\/2021\/10\/WhatsApp-Video-2021-10-07-at-10.08.01.mp4\"><\/video><figcaption><em>Fecico llega a Cinema 2000.<\/em><\/figcaption><\/figure>\n\n\n\n<p>El festival comenzar\u00e1 en el interior y terminar\u00e1 en C\u00f3rdoba Capital. La primera sede ser\u00e1 San Francisco, donde se proyectar\u00e1, en car\u00e1cter de estreno nacional&nbsp;<strong>Sangre Vurdalak<\/strong>, producida por Jaque Content.<\/p>\n\n\n\n<p>En <strong>Cinema 2000<\/strong> de\u00a0<strong>Arroyito<\/strong>, <a href=\"https:\/\/arroyitoonline.com.ar\/cartelera-online\/\" target=\"_blank\" rel=\"noreferrer noopener\">habr\u00e1 funciones todos los martes y mi\u00e9rcoles de octubre<\/a>, a las 21:00 horas, con los largometrajes <strong>Vigilia en agosto<\/strong> (martes 12, con alfombra roja incluida), <strong>Las motitos<\/strong> (martes 19 y mi\u00e9rcoles 20), <strong>Ma\u00f1ana tal vez<\/strong> (martes 26 y mi\u00e9rcoles 27), y el documental <strong>And\u00e1 a lavar los platos<\/strong> (mi\u00e9rcoles 13). El costo de las entradas es de $150 para estudiantes y $200 para p\u00fablico en general.<\/p>\n\n\n\n<p><strong>Fecico<\/strong> naci\u00f3 como iniciativa del Polo Audiovisual C\u00f3rdoba, organismo que depende de la Agencia C\u00f3rdoba Cultura del Gobierno de de la Provincia. Adem\u00e1s, cuenta con el apoyo de la Agencia C\u00f3rdoba Turismo, que ve en la industria audiovisual una posibilidad de difundir los atractivos de nuestra geograf\u00eda, ideales para convertirse en un set de filmaci\u00f3n nacional e internacional.<\/p>\n\n\n\n<p><strong>Vigilia en agosto (77 minutos)<\/strong><\/p>\n\n\n\n<p>En los d\u00edas previos a su boda, una mujer es testigo de diferentes hechos que sufren personas cercanas y que involucran a su novio. Su salud comienza a deteriorarse sin explicaciones, y surgen rumores que van desde extra\u00f1as enfermedades a la locura o encantamientos. Sin embargo, ninguna circunstancia podr\u00e1 impedir su boda.<\/p>\n\n\n\n<p><strong>Las motitos (84 minutos)<\/strong><\/p>\n\n\n\n<p>Juliana y Lautaro viven en un barrio pobre rodeado de polic\u00edas. Est\u00e1n enamorados y se enfrentan a un embarazo no deseado. No saben qu\u00e9 hacer.  A qui\u00e9n acudir\u00e1n para evitar la ilegalidad y el abandono? La madre de Juliana, Flor, se da cuenta de lo que est\u00e1 pasando y decide actuar.<\/p>\n\n\n\n<p><strong>Ma\u00f1ana tal vez (63 minutos)<\/strong><\/p>\n\n\n\n<p>Luis es un malhumorado compositor de m\u00fasica cl\u00e1sica jubilado que, a pesar de ser una eminencia en su rubro, padece el menosprecio habitual que tiene la sociedad para con las personas de su edad. La visita de su nieta Elena, una joven estudiante de composici\u00f3n que llega a la ciudad para hacer un curso, es en principio una molestia para \u00e9l. Pero esta intromisi\u00f3n en su vida lo har\u00e1 ver las cosas desde otra perspectiva y renovar su fe en la sociedad.<\/p>\n","protected":false},"excerpt":{"rendered":"<p>En Arroyito se proyectar\u00e1n tres pel\u00edculas y un documental, en todos los casos producidos en C\u00f3rdoba. El Polo Audiovisual del&hellip;<\/p>\n","protected":false},"author":3,"featured_media":13768,"comment_status":"closed","ping_status":"open","sticky":false,"template":"","format":"standard","meta":{"footnotes":""},"categories":[826],"tags":[66,67,836,195,196,244,351,862,1284,404,405,572,1285],"class_list":["post-13766","post","type-post","status-publish","format-standard","has-post-thumbnail","hentry","category-espectaculos-online","tag-arroyito","tag-arroyito-cordoba","tag-arroyito-online","tag-cine","tag-cinema-2000","tag-cordoba","tag-espectaculos","tag-espectaculos-online","tag-fecico","tag-gobierno-de-cordoba","tag-gobierno-de-la-provincia","tag-noticias-de-arroyito-y-zona","tag-primer-festival-de-cine-cordobes"],"_links":{"self":[{"href":"https:\/\/arroyitoonline.com.ar\/index.php?rest_route=\/wp\/v2\/posts\/13766","targetHints":{"allow":["GET"]}}],"collection":[{"href":"https:\/\/arroyitoonline.com.ar\/index.php?rest_route=\/wp\/v2\/posts"}],"about":[{"href":"https:\/\/arroyitoonline.com.ar\/index.php?rest_route=\/wp\/v2\/types\/post"}],"author":[{"embeddable":true,"href":"https:\/\/arroyitoonline.com.ar\/index.php?rest_route=\/wp\/v2\/users\/3"}],"replies":[{"embeddable":true,"href":"https:\/\/arroyitoonline.com.ar\/index.php?rest_route=%2Fwp%2Fv2%2Fcomments&post=13766"}],"version-history":[{"count":4,"href":"https:\/\/arroyitoonline.com.ar\/index.php?rest_route=\/wp\/v2\/posts\/13766\/revisions"}],"predecessor-version":[{"id":13778,"href":"https:\/\/arroyitoonline.com.ar\/index.php?rest_route=\/wp\/v2\/posts\/13766\/revisions\/13778"}],"wp:featuredmedia":[{"embeddable":true,"href":"https:\/\/arroyitoonline.com.ar\/index.php?rest_route=\/wp\/v2\/media\/13768"}],"wp:attachment":[{"href":"https:\/\/arroyitoonline.com.ar\/index.php?rest_route=%2Fwp%2Fv2%2Fmedia&parent=13766"}],"wp:term":[{"taxonomy":"category","embeddable":true,"href":"https:\/\/arroyitoonline.com.ar\/index.php?rest_route=%2Fwp%2Fv2%2Fcategories&post=13766"},{"taxonomy":"post_tag","embeddable":true,"href":"https:\/\/arroyitoonline.com.ar\/index.php?rest_route=%2Fwp%2Fv2%2Ftags&post=13766"}],"curies":[{"name":"wp","href":"https:\/\/api.w.org\/{rel}","templated":true}]}}