{"id":13780,"date":"2021-10-08T20:40:26","date_gmt":"2021-10-08T20:40:26","guid":{"rendered":"https:\/\/arroyitoonline.com.ar\/?p=13780"},"modified":"2021-10-08T20:40:28","modified_gmt":"2021-10-08T20:40:28","slug":"menor-de-15-anos-huyo-cuando-fue-sorprendido-en-el-interior-de-una-casa-la-policia-lo-detuvo","status":"publish","type":"post","link":"https:\/\/arroyitoonline.com.ar\/?p=13780","title":{"rendered":"Menor de 15 a\u00f1os huy\u00f3 cuando fue sorprendido en el interior de una casa: la Polic\u00eda lo detuvo"},"content":{"rendered":"\n<p><strong>Al verlos, el adolescente amenaz\u00f3 al due\u00f1o de la casa, un hombre de 72 a\u00f1os, y su hijo de 43. Luego, se dio a la fuga.<\/strong><\/p>\n\n\n\n<p>A las 20:45 horas del mi\u00e9rcoles 6, el propietario de una casa ubicada en la intersecci\u00f3n de las calles 9 de Julio y Modesto Maranzana, un hombre de 72 a\u00f1os, lleg\u00f3 a su vivienda con el hijo de 43.<\/p>\n\n\n\n<p>Cuando ambos ingresaron al inmueble sorprendieron a un adolescente en el interior que, ante esta situaci\u00f3n, los amenaz\u00f3 y se dio a la fuga.<\/p>\n\n\n\n<p>En este marco, personal policial inici\u00f3 una b\u00fasqueda logrando encontrar, a pocas cuadras, a un chico de 15 a\u00f1os cuya apariencia coincid\u00eda con las caracter\u00edsticas aportadas. Fue trasladado a la Comisar\u00eda local. Intervino en el caso, el Juzgado de Menores.<\/p>\n\n\n\n<p>Fuente: secci\u00f3n Prensa UR Departamental San Justo.<\/p>\n","protected":false},"excerpt":{"rendered":"<p>Al verlos, el adolescente amenaz\u00f3 al due\u00f1o de la casa, un hombre de 72 a\u00f1os, y su hijo de 43.&hellip;<\/p>\n","protected":false},"author":3,"featured_media":8867,"comment_status":"closed","ping_status":"open","sticky":false,"template":"","format":"standard","meta":{"footnotes":""},"categories":[824],"tags":[31,66,67,836,530,572,635,637,638,825],"class_list":["post-13780","post","type-post","status-publish","format-standard","has-post-thumbnail","hentry","category-policiales-online","tag-adolescentes","tag-arroyito","tag-arroyito-cordoba","tag-arroyito-online","tag-menores","tag-noticias-de-arroyito-y-zona","tag-policia","tag-policiales","tag-policiales-arroyito","tag-policiales-online"],"_links":{"self":[{"href":"https:\/\/arroyitoonline.com.ar\/index.php?rest_route=\/wp\/v2\/posts\/13780","targetHints":{"allow":["GET"]}}],"collection":[{"href":"https:\/\/arroyitoonline.com.ar\/index.php?rest_route=\/wp\/v2\/posts"}],"about":[{"href":"https:\/\/arroyitoonline.com.ar\/index.php?rest_route=\/wp\/v2\/types\/post"}],"author":[{"embeddable":true,"href":"https:\/\/arroyitoonline.com.ar\/index.php?rest_route=\/wp\/v2\/users\/3"}],"replies":[{"embeddable":true,"href":"https:\/\/arroyitoonline.com.ar\/index.php?rest_route=%2Fwp%2Fv2%2Fcomments&post=13780"}],"version-history":[{"count":1,"href":"https:\/\/arroyitoonline.com.ar\/index.php?rest_route=\/wp\/v2\/posts\/13780\/revisions"}],"predecessor-version":[{"id":13781,"href":"https:\/\/arroyitoonline.com.ar\/index.php?rest_route=\/wp\/v2\/posts\/13780\/revisions\/13781"}],"wp:featuredmedia":[{"embeddable":true,"href":"https:\/\/arroyitoonline.com.ar\/index.php?rest_route=\/wp\/v2\/media\/8867"}],"wp:attachment":[{"href":"https:\/\/arroyitoonline.com.ar\/index.php?rest_route=%2Fwp%2Fv2%2Fmedia&parent=13780"}],"wp:term":[{"taxonomy":"category","embeddable":true,"href":"https:\/\/arroyitoonline.com.ar\/index.php?rest_route=%2Fwp%2Fv2%2Fcategories&post=13780"},{"taxonomy":"post_tag","embeddable":true,"href":"https:\/\/arroyitoonline.com.ar\/index.php?rest_route=%2Fwp%2Fv2%2Ftags&post=13780"}],"curies":[{"name":"wp","href":"https:\/\/api.w.org\/{rel}","templated":true}]}}