{"id":13790,"date":"2021-10-11T23:10:43","date_gmt":"2021-10-11T23:10:43","guid":{"rendered":"https:\/\/arroyitoonline.com.ar\/?p=13790"},"modified":"2021-10-11T23:10:45","modified_gmt":"2021-10-11T23:10:45","slug":"sustrajeron-chapas-del-techo-puertas-y-ventanas-de-la-casa-de-un-campo-sin-moradores","status":"publish","type":"post","link":"https:\/\/arroyitoonline.com.ar\/?p=13790","title":{"rendered":"Sustrajeron chapas del techo, puertas y ventanas de la casa de un campo sin moradores"},"content":{"rendered":"\n<p><strong>Seg\u00fan lo denunciado por el due\u00f1o del inmueble, el robo habr\u00eda ocurrido entre el mes de julio y el mi\u00e9rcoles pasado.<\/strong><\/p>\n\n\n\n<p>Fue a las 14:30 horas del viernes que personal policial de Patrulla Rural se constituy\u00f3 en un campo ubicado en zona rural de Arroyito, por un hecho de robo.<\/p>\n\n\n\n<p>All\u00ed, el propietario del lugar manifest\u00f3 a los uniformados que autor\/es ignorado\/s, entre el mes de julio y el pasado mi\u00e9rcoles 6 se octubre, le habr\u00edan sustra\u00eddo de una vivienda deshabilitada los techos de chapa con sus tirantes y aberturas (puertas y ventanas) del mismo material.<\/p>\n\n\n\n<p>En este marco, se labraron las actuaciones de rigor con conocimiento de la Fiscal\u00eda de Instrucci\u00f3n de Arroyito.<\/p>\n\n\n\n<p>Fuente: secci\u00f3n Prensa UR Departamental San Justo.<\/p>\n","protected":false},"excerpt":{"rendered":"<p>Seg\u00fan lo denunciado por el due\u00f1o del inmueble, el robo habr\u00eda ocurrido entre el mes de julio y el mi\u00e9rcoles&hellip;<\/p>\n","protected":false},"author":3,"featured_media":9911,"comment_status":"closed","ping_status":"open","sticky":false,"template":"","format":"standard","meta":{"footnotes":""},"categories":[824],"tags":[66,67,836,146,572,1281,635,637,638,825,693],"class_list":["post-13790","post","type-post","status-publish","format-standard","has-post-thumbnail","hentry","category-policiales-online","tag-arroyito","tag-arroyito-cordoba","tag-arroyito-online","tag-campo","tag-noticias-de-arroyito-y-zona","tag-patrulla-rural","tag-policia","tag-policiales","tag-policiales-arroyito","tag-policiales-online","tag-robo"],"_links":{"self":[{"href":"https:\/\/arroyitoonline.com.ar\/index.php?rest_route=\/wp\/v2\/posts\/13790","targetHints":{"allow":["GET"]}}],"collection":[{"href":"https:\/\/arroyitoonline.com.ar\/index.php?rest_route=\/wp\/v2\/posts"}],"about":[{"href":"https:\/\/arroyitoonline.com.ar\/index.php?rest_route=\/wp\/v2\/types\/post"}],"author":[{"embeddable":true,"href":"https:\/\/arroyitoonline.com.ar\/index.php?rest_route=\/wp\/v2\/users\/3"}],"replies":[{"embeddable":true,"href":"https:\/\/arroyitoonline.com.ar\/index.php?rest_route=%2Fwp%2Fv2%2Fcomments&post=13790"}],"version-history":[{"count":1,"href":"https:\/\/arroyitoonline.com.ar\/index.php?rest_route=\/wp\/v2\/posts\/13790\/revisions"}],"predecessor-version":[{"id":13791,"href":"https:\/\/arroyitoonline.com.ar\/index.php?rest_route=\/wp\/v2\/posts\/13790\/revisions\/13791"}],"wp:featuredmedia":[{"embeddable":true,"href":"https:\/\/arroyitoonline.com.ar\/index.php?rest_route=\/wp\/v2\/media\/9911"}],"wp:attachment":[{"href":"https:\/\/arroyitoonline.com.ar\/index.php?rest_route=%2Fwp%2Fv2%2Fmedia&parent=13790"}],"wp:term":[{"taxonomy":"category","embeddable":true,"href":"https:\/\/arroyitoonline.com.ar\/index.php?rest_route=%2Fwp%2Fv2%2Fcategories&post=13790"},{"taxonomy":"post_tag","embeddable":true,"href":"https:\/\/arroyitoonline.com.ar\/index.php?rest_route=%2Fwp%2Fv2%2Ftags&post=13790"}],"curies":[{"name":"wp","href":"https:\/\/api.w.org\/{rel}","templated":true}]}}