{"id":13808,"date":"2021-10-15T13:36:10","date_gmt":"2021-10-15T13:36:10","guid":{"rendered":"https:\/\/arroyitoonline.com.ar\/?p=13808"},"modified":"2021-10-15T13:42:25","modified_gmt":"2021-10-15T13:42:25","slug":"covid-19-en-arroyito-se-confirmo-el-primer-caso-de-la-variante-delta","status":"publish","type":"post","link":"https:\/\/arroyitoonline.com.ar\/?p=13808","title":{"rendered":"Covid-19 en Arroyito: se confirm\u00f3 el primer caso de la variante delta"},"content":{"rendered":"\n<p><strong>Hasta el momento se han realizado 26 PCR arrojado resultados negativos. Se encuentran en aislamiento preventivo siete personas.<\/strong><\/p>\n\n\n\n<p>El mi\u00e9rcoles 13, seg\u00fan lo confirm\u00f3 el Centro de Emergencias de Arroyito (CEA) a trav\u00e9s de la m\u00e9dica responsable Melina Gallo, <strong>un vecino se realiz\u00f3 un hisopado PCR<\/strong>, en el sector de guardia respiratoria del hospital municipal. Esta muestra, que se envi\u00f3 al Laboratorio Central C\u00f3rdoba para su an\u00e1lisis,&nbsp;<strong>arroj\u00f3 que el paciente era resultado reactivo (+) con compatibilidad de variante delta&nbsp;<\/strong>(este resultado lleg\u00f3 antes de las 24 horas).<\/p>\n\n\n\n<p>De inmediato, el COE Regional dio aviso al CEA. En primer t\u00e9rmino, se realizaron los aislamientos pertinentes y, a continuaci\u00f3n, se activ\u00f3 el protocolo tanto para sus contactos estrechos, como para los lugares donde hab\u00eda estado la persona contagiada, los \u00faltimos cinco d\u00edas previos al resultado. Tambi\u00e9n se indic\u00f3 un hisopado masivo en el radio donde reside este vecino.<\/p>\n\n\n\n<p>Hasta el momento, todos los resultados realizados a estrechos y radio de convivencia han arrojado resultados negativos. En la actualidad, se encuentra el equipo m\u00e9dico analizando los nexos epidemiol\u00f3gicos, realizando los PCR pertinentes e indicando los aislamientos preventivos, seg\u00fan lo indica el protocolo de acci\u00f3n de Provincia y Naci\u00f3n. Hasta el momento se han realizado 26 PCR arrojado resultados negativos. Adem\u00e1s, se encuentran en aislamiento preventivo siete personas, que est\u00e1n siendo monitoreados por el CEA.<\/p>\n\n\n\n<p>El paciente se encuentra alojado en el sector de aislamiento del hospital municipal, a los fines de contener el proceso de la enfermedad. Tanto caso positivo como su n\u00facleo familiar se encuentran inoculados con ambas dosis, lo que ayuda que el proceso de la enfermedad no sea tan agresivo.<\/p>\n\n\n\n<p><strong>Desde el minuto cero, todas las acciones est\u00e1n siendo validadas por los organismos epidemiol\u00f3gicos locales, el COE San Francisco y el \u00f3rgano central del ministerio de Salud.<\/strong><\/p>\n\n\n\n<p>Hasta el momento, la situaci\u00f3n est\u00e1 contenida y en pleno an\u00e1lisis para la detenci\u00f3n de posibles focos. En este sentido, desde el CEA ruegan<strong> a la comunidad que mantenga los cuidados personales de bioseguridad y siga transcurriendo esta etapa con responsabilidad individual.<\/strong><\/p>\n\n\n\n<p>Arroyito ya tiene 38 mil dosis colocadas de vacunas homologadas por la Anmat y esa es la manera m\u00e1s efectiva para luchar contra este virus. Por eso, solicitan que las personas se sigan inscribiendo para recibir las dosis. <\/p>\n","protected":false},"excerpt":{"rendered":"<p>Hasta el momento se han realizado 26 PCR arrojado resultados negativos. Se encuentran en aislamiento preventivo siete personas. El mi\u00e9rcoles&hellip;<\/p>\n","protected":false},"author":3,"featured_media":13809,"comment_status":"closed","ping_status":"open","sticky":false,"template":"","format":"standard","meta":{"footnotes":""},"categories":[9],"tags":[66,67,836,1143,1149,1108,1152,1160,426,1177,572,706,1219,1289],"class_list":["post-13808","post","type-post","status-publish","format-standard","has-post-thumbnail","hentry","category-infosalud","tag-arroyito","tag-arroyito-cordoba","tag-arroyito-online","tag-barbijo","tag-centro-de-emergencias-de-arroyito","tag-coronavirus","tag-covid-19","tag-hisopados","tag-hospital","tag-hospital-municipal-carlos-j-rodriguez","tag-noticias-de-arroyito-y-zona","tag-salud","tag-vacunacion-covid-19","tag-variante-delta"],"_links":{"self":[{"href":"https:\/\/arroyitoonline.com.ar\/index.php?rest_route=\/wp\/v2\/posts\/13808","targetHints":{"allow":["GET"]}}],"collection":[{"href":"https:\/\/arroyitoonline.com.ar\/index.php?rest_route=\/wp\/v2\/posts"}],"about":[{"href":"https:\/\/arroyitoonline.com.ar\/index.php?rest_route=\/wp\/v2\/types\/post"}],"author":[{"embeddable":true,"href":"https:\/\/arroyitoonline.com.ar\/index.php?rest_route=\/wp\/v2\/users\/3"}],"replies":[{"embeddable":true,"href":"https:\/\/arroyitoonline.com.ar\/index.php?rest_route=%2Fwp%2Fv2%2Fcomments&post=13808"}],"version-history":[{"count":2,"href":"https:\/\/arroyitoonline.com.ar\/index.php?rest_route=\/wp\/v2\/posts\/13808\/revisions"}],"predecessor-version":[{"id":13811,"href":"https:\/\/arroyitoonline.com.ar\/index.php?rest_route=\/wp\/v2\/posts\/13808\/revisions\/13811"}],"wp:featuredmedia":[{"embeddable":true,"href":"https:\/\/arroyitoonline.com.ar\/index.php?rest_route=\/wp\/v2\/media\/13809"}],"wp:attachment":[{"href":"https:\/\/arroyitoonline.com.ar\/index.php?rest_route=%2Fwp%2Fv2%2Fmedia&parent=13808"}],"wp:term":[{"taxonomy":"category","embeddable":true,"href":"https:\/\/arroyitoonline.com.ar\/index.php?rest_route=%2Fwp%2Fv2%2Fcategories&post=13808"},{"taxonomy":"post_tag","embeddable":true,"href":"https:\/\/arroyitoonline.com.ar\/index.php?rest_route=%2Fwp%2Fv2%2Ftags&post=13808"}],"curies":[{"name":"wp","href":"https:\/\/api.w.org\/{rel}","templated":true}]}}