{"id":13812,"date":"2021-10-15T20:56:57","date_gmt":"2021-10-15T20:56:57","guid":{"rendered":"https:\/\/arroyitoonline.com.ar\/?p=13812"},"modified":"2021-10-15T20:57:02","modified_gmt":"2021-10-15T20:57:02","slug":"la-banda-sinfonica-vuelve-con-un-gran-concierto","status":"publish","type":"post","link":"https:\/\/arroyitoonline.com.ar\/?p=13812","title":{"rendered":"La Banda Sinf\u00f3nica vuelve con un gran concierto"},"content":{"rendered":"\n<p><strong>El Concierto Sinf\u00f3nico ser\u00e1 dirigido por Gerardo Lemos y como director invitado estar\u00e1 Esteban Fern\u00e1ndez.<\/strong><\/p>\n\n\n\n<p>La Secretaria de Educaci\u00f3n y Cultura y la Coordinaci\u00f3n de Elencos y Talleres Culturales del Gobierno Municipal organizan, para este s\u00e1bado 16 de octubre a las 21:00 horas, el <em><strong>\u00abConcierto Sinf\u00f3nico 2021\u00bb<\/strong><\/em>, que se realizar\u00e1 en la Parroquia Nuestra Sra. de la Merced.<\/p>\n\n\n\n<figure class=\"wp-block-image size-large\"><img loading=\"lazy\" decoding=\"async\" width=\"1024\" height=\"1024\" src=\"https:\/\/arroyitoonline.com.ar\/wp-content\/uploads\/2021\/10\/cocierto-sinf\u00f3nico-2021-1024x1024.jpeg\" alt=\"\" class=\"wp-image-13813\" srcset=\"https:\/\/arroyitoonline.com.ar\/wp-content\/uploads\/2021\/10\/cocierto-sinf\u00f3nico-2021-1024x1024.jpeg 1024w, https:\/\/arroyitoonline.com.ar\/wp-content\/uploads\/2021\/10\/cocierto-sinf\u00f3nico-2021-300x300.jpeg 300w, https:\/\/arroyitoonline.com.ar\/wp-content\/uploads\/2021\/10\/cocierto-sinf\u00f3nico-2021-150x150.jpeg 150w, https:\/\/arroyitoonline.com.ar\/wp-content\/uploads\/2021\/10\/cocierto-sinf\u00f3nico-2021-768x768.jpeg 768w, https:\/\/arroyitoonline.com.ar\/wp-content\/uploads\/2021\/10\/cocierto-sinf\u00f3nico-2021.jpeg 1280w\" sizes=\"auto, (max-width: 1024px) 100vw, 1024px\" \/><\/figure>\n\n\n\n<p>Luego de estos meses de pandemia,<strong> <\/strong>la <strong>Banda Sinf\u00f3nica Municipal vuelve a ofrecer un maravilloso espect\u00e1culo que tendr\u00e1 varios momentos memorables<\/strong>.<\/p>\n\n\n\n<p>Desde un homenaje a Astor Piazzolla, por los 100 a\u00f1os de su Natalicio; el estreno de la obra de Leandro Lemos <em>\u00abTierra de Sue\u00f1os\u00bb <\/em>dedicada a nuestra ciudad; el poema sinf\u00f3nico <em>\u00abPilatus Moutain\u00bb<\/em>; m\u00e1s un repertorio sinf\u00f3nico espec\u00edfico para banda. <strong>El concierto ser\u00e1 dirigido por Gerardo Lemos y como director invitado estar\u00e1 Esteban Fern\u00e1ndez.<\/strong><\/p>\n","protected":false},"excerpt":{"rendered":"<p>El Concierto Sinf\u00f3nico ser\u00e1 dirigido por Gerardo Lemos y como director invitado estar\u00e1 Esteban Fern\u00e1ndez. La Secretaria de Educaci\u00f3n y&hellip;<\/p>\n","protected":false},"author":3,"featured_media":9748,"comment_status":"closed","ping_status":"open","sticky":false,"template":"","format":"standard","meta":{"footnotes":""},"categories":[826],"tags":[66,67,836,98,99,351,862,1102,559,572,941],"class_list":["post-13812","post","type-post","status-publish","format-standard","has-post-thumbnail","hentry","category-espectaculos-online","tag-arroyito","tag-arroyito-cordoba","tag-arroyito-online","tag-banda-municipal","tag-banda-sinfonica","tag-espectaculos","tag-espectaculos-online","tag-gobierno-municipal","tag-musica","tag-noticias-de-arroyito-y-zona","tag-parroquia-nuestra-senora-de-la-merced"],"_links":{"self":[{"href":"https:\/\/arroyitoonline.com.ar\/index.php?rest_route=\/wp\/v2\/posts\/13812","targetHints":{"allow":["GET"]}}],"collection":[{"href":"https:\/\/arroyitoonline.com.ar\/index.php?rest_route=\/wp\/v2\/posts"}],"about":[{"href":"https:\/\/arroyitoonline.com.ar\/index.php?rest_route=\/wp\/v2\/types\/post"}],"author":[{"embeddable":true,"href":"https:\/\/arroyitoonline.com.ar\/index.php?rest_route=\/wp\/v2\/users\/3"}],"replies":[{"embeddable":true,"href":"https:\/\/arroyitoonline.com.ar\/index.php?rest_route=%2Fwp%2Fv2%2Fcomments&post=13812"}],"version-history":[{"count":1,"href":"https:\/\/arroyitoonline.com.ar\/index.php?rest_route=\/wp\/v2\/posts\/13812\/revisions"}],"predecessor-version":[{"id":13814,"href":"https:\/\/arroyitoonline.com.ar\/index.php?rest_route=\/wp\/v2\/posts\/13812\/revisions\/13814"}],"wp:featuredmedia":[{"embeddable":true,"href":"https:\/\/arroyitoonline.com.ar\/index.php?rest_route=\/wp\/v2\/media\/9748"}],"wp:attachment":[{"href":"https:\/\/arroyitoonline.com.ar\/index.php?rest_route=%2Fwp%2Fv2%2Fmedia&parent=13812"}],"wp:term":[{"taxonomy":"category","embeddable":true,"href":"https:\/\/arroyitoonline.com.ar\/index.php?rest_route=%2Fwp%2Fv2%2Fcategories&post=13812"},{"taxonomy":"post_tag","embeddable":true,"href":"https:\/\/arroyitoonline.com.ar\/index.php?rest_route=%2Fwp%2Fv2%2Ftags&post=13812"}],"curies":[{"name":"wp","href":"https:\/\/api.w.org\/{rel}","templated":true}]}}