{"id":13818,"date":"2021-10-15T21:33:03","date_gmt":"2021-10-15T21:33:03","guid":{"rendered":"https:\/\/arroyitoonline.com.ar\/?p=13818"},"modified":"2021-10-15T21:33:07","modified_gmt":"2021-10-15T21:33:07","slug":"covid-19-arroyito-avanza-con-la-vacunacion-dirigida-a-ninos-y-adolescentes","status":"publish","type":"post","link":"https:\/\/arroyitoonline.com.ar\/?p=13818","title":{"rendered":"Covid-19: Arroyito avanza con la vacunaci\u00f3n dirigida a ni\u00f1os y adolescentes"},"content":{"rendered":"\n<p><strong>El vacunatorio del sal\u00f3n parroquial retomar\u00e1 su atenci\u00f3n el lunes, de 8:00 a 16:00 horas.<\/strong><\/p>\n\n\n\n<p>El \u00e1rea de Inmunizaci\u00f3n y el Centro de Emergencias de Arroyito avanzan a buen ritmo con la vacunaci\u00f3n dirigida a los ni\u00f1os y adolescentes de nuestra ciudad.<\/p>\n\n\n\n<p>El vacunatorio abri\u00f3 este viernes, de 8:00 a 16:00, y retomar\u00e1 la atenci\u00f3n el lunes, tambi\u00e9n de 8:00 a 16:00. Se recuerda a todos los convocados que tienen 72 horas para asistir a la inmunizaci\u00f3n (sin tener en cuenta los d\u00edas en los que el sal\u00f3n parroquial permanece cerrado).<\/p>\n\n\n\n<p>Los menores deben ir acompa\u00f1ados por su padre o tutor y, los convocados para recibir segunda dosis, deben hacerlo de manera obligatoria con su carnet de vacunaci\u00f3n.<\/p>\n\n\n\n<p>Adem\u00e1s, hoy viernes el equipo de vacunadoras inocul\u00f3 a vecinos de la zona rural de Arroyo de los Leones y, el lunes 18 de octubre de 11:00 a 13:00, lo har\u00e1 en El Descanso.<\/p>\n","protected":false},"excerpt":{"rendered":"<p>El vacunatorio del sal\u00f3n parroquial retomar\u00e1 su atenci\u00f3n el lunes, de 8:00 a 16:00 horas. El \u00e1rea de Inmunizaci\u00f3n y&hellip;<\/p>\n","protected":false},"author":3,"featured_media":13819,"comment_status":"closed","ping_status":"open","sticky":false,"template":"","format":"standard","meta":{"footnotes":""},"categories":[9],"tags":[31,66,67,836,1108,1152,570,705,706,790,1219],"class_list":["post-13818","post","type-post","status-publish","format-standard","has-post-thumbnail","hentry","category-infosalud","tag-adolescentes","tag-arroyito","tag-arroyito-cordoba","tag-arroyito-online","tag-coronavirus","tag-covid-19","tag-ninez","tag-salon-parroquial","tag-salud","tag-vacunacion","tag-vacunacion-covid-19"],"_links":{"self":[{"href":"https:\/\/arroyitoonline.com.ar\/index.php?rest_route=\/wp\/v2\/posts\/13818","targetHints":{"allow":["GET"]}}],"collection":[{"href":"https:\/\/arroyitoonline.com.ar\/index.php?rest_route=\/wp\/v2\/posts"}],"about":[{"href":"https:\/\/arroyitoonline.com.ar\/index.php?rest_route=\/wp\/v2\/types\/post"}],"author":[{"embeddable":true,"href":"https:\/\/arroyitoonline.com.ar\/index.php?rest_route=\/wp\/v2\/users\/3"}],"replies":[{"embeddable":true,"href":"https:\/\/arroyitoonline.com.ar\/index.php?rest_route=%2Fwp%2Fv2%2Fcomments&post=13818"}],"version-history":[{"count":1,"href":"https:\/\/arroyitoonline.com.ar\/index.php?rest_route=\/wp\/v2\/posts\/13818\/revisions"}],"predecessor-version":[{"id":13820,"href":"https:\/\/arroyitoonline.com.ar\/index.php?rest_route=\/wp\/v2\/posts\/13818\/revisions\/13820"}],"wp:featuredmedia":[{"embeddable":true,"href":"https:\/\/arroyitoonline.com.ar\/index.php?rest_route=\/wp\/v2\/media\/13819"}],"wp:attachment":[{"href":"https:\/\/arroyitoonline.com.ar\/index.php?rest_route=%2Fwp%2Fv2%2Fmedia&parent=13818"}],"wp:term":[{"taxonomy":"category","embeddable":true,"href":"https:\/\/arroyitoonline.com.ar\/index.php?rest_route=%2Fwp%2Fv2%2Fcategories&post=13818"},{"taxonomy":"post_tag","embeddable":true,"href":"https:\/\/arroyitoonline.com.ar\/index.php?rest_route=%2Fwp%2Fv2%2Ftags&post=13818"}],"curies":[{"name":"wp","href":"https:\/\/api.w.org\/{rel}","templated":true}]}}